{"id":6682,"date":"2020-04-13T00:00:00","date_gmt":"2020-04-13T00:00:00","guid":{"rendered":"https:\/\/new.leinonen.eu\/est\/mita-kannattaa-harkita-varastoitaessa-tavaroita-toiseen-eu-maahan\/"},"modified":"2024-01-17T16:21:30","modified_gmt":"2024-01-17T16:21:30","slug":"mita-kannattaa-harkita-varastoitaessa-tavaroita-toiseen-eu-maahan","status":"publish","type":"post","link":"https:\/\/leinonen.eu\/est\/fi\/news\/mita-kannattaa-harkita-varastoitaessa-tavaroita-toiseen-eu-maahan\/","title":{"rendered":"Mit\u00e4 kannattaa harkita varastoitaessa tavaroita toiseen EU- maahan"},"content":{"rendered":"<div>\n<div>Tavaroita myyv\u00e4lle yritykselle tavaroiden varastointi l\u00e4hell\u00e4 asiakasta, mm. varastoon\u00a0toisessa j\u00e4senvaltiossa, antaa edun, joka helpottaa yhteisty\u00f6t\u00e4 ja varmistaa tavaroiden\u00a0sujuvamman liikkumisen.<\/p>\n<p>T\u00e4m\u00e4n vuoden arvonlis\u00e4verolain muutoksen valossa, joka koski tilauksen mukaan syntyv\u00e4n<br \/>\ntavaravaraston k\u00e4sitteen lis\u00e4\u00e4mist\u00e4 Viron alv-kohteluun, n\u00e4emme tarpeen tehd\u00e4 lyhyt\u00a0katsaus varastolajeista, jotka ovat t\u00e4rkeit\u00e4 <b>alv-kirjanpidon<\/b> ja arvonlis\u00e4verovelvollisuuden\u00a0syntymisen kannalta. Tavaroiden liikkumisen suhteen Euroopan unionissa erotetaan yleens\u00e4\u00a02 varastolajia: konsignaatiovarasto ja varasto, johon tavarat tuodaan tilauksen mukaan (eli\u00a0ns. call-off stock).<\/p>\n<p>Varastolajin arvioinnissa otetaan huomioon, kuka s\u00e4ilytt\u00e4\u00e4 varastossa varastoitujen\u00a0tavaroiden hallinnan, kenell\u00e4 on suora m\u00e4\u00e4r\u00e4ysvalta varastoiduista tavaroista siihen asti,\u00a0kunnes tavarat toimitetaan kuluttajalle.<\/p>\n<p>Konsignaatio- eli komissiovarasto on varasto, jossa tavaroiden myyj\u00e4 varastoi omistamansa\u00a0ja m\u00e4\u00e4r\u00e4ysvallassaan olevat tavarat, jotka h\u00e4n toimittaa my\u00f6hemmin kuluttajalle. Yleens\u00e4\u00a0tavarat toimitetaan kuluttajalle omissa nimiss\u00e4 ja omaan laskuun, eik\u00e4 kuluttajaa ole\u00a0m\u00e4\u00e4ritelty silloin, kun tavarat saapuvat varastoon. T\u00e4m\u00e4n varastolajin verotusta koskeva\u00a0erikoispiirre on se, ett\u00e4 myyj\u00e4st\u00e4 tulee arvonlis\u00e4verovelvollinen siin\u00e4 maassa, jossa varasto\u00a0sijaitsee.<\/p>\n<p>Tavaroiden l\u00e4hett\u00e4minen call-off -varastoon tarkoittaa l\u00e4hinn\u00e4 tavaroiden l\u00e4hett\u00e4mist\u00e4\u00a0m\u00e4\u00e4ritellylle asiakkaalle, joka ottaa m\u00e4\u00e4r\u00e4ysvallan tavaroista, mutta samalla tavaroiden\u00a0hallinta s\u00e4ilyy myyj\u00e4ll\u00e4 ja siirtyy asiakkaalle vasta silloin, kun asiakas p\u00e4\u00e4tt\u00e4\u00e4 ottaa tavarat\u00a0varastosta k\u00e4ytt\u00f6\u00f6ns\u00e4 (esimerkiksi j\u00e4lleenmyynti\u00e4 varten). Laissa s\u00e4\u00e4dettyjen <u>ehtojen\u00a0noudattamisen tapauksessa<\/u> tavaroiden l\u00e4hett\u00e4minen toisessa j\u00e4senvaltiossa sijaitsevaan call-off -varastoon ei aiheuta myyj\u00e4lle arvonlis\u00e4verovelvollisuutta t\u00e4ss\u00e4 valtiossa. Lis\u00e4tietoa <a href=\"https:\/\/leinonen.eu\/est\/fi\/news\/call-off-varasto-2020-yritysten-tyomaara-vahenee-mutta-kirjanpidon-tyomaara-kasvaa\/\">l\u00f6ytyy t\u00e4\u00e4lt\u00e4<\/a><\/p>\n<p>Jos on kysymyksi\u00e4, ottakaa yhteytt\u00e4 Leinosen\u00a0verotustiimiin.<\/p>\n<p>Hy\u00f6dyllisi\u00e4 linkkej\u00e4:<br \/>\nhttps:\/\/www.emta.ee\/sites\/default\/files\/business-client\/income-expenses-supply-<br \/>\nprofits\/vd\/noudmiseni_varu_aruannetel_vd_ja_vdp_eng.pdf<br \/>\nhttps:\/\/www.emta.ee\/et\/ariklient\/tulu-kulu-kaive-kasum\/kaibemaksuseaduse-muudatused-<br \/>\nalates-01012020<\/p>\n<\/div>\n<\/div>\n","protected":false},"excerpt":{"rendered":"<p>Tavaroita myyv\u00e4lle yritykselle tavaroiden varastointi l\u00e4hell\u00e4 asiakasta, mm. varastoon\u00a0toisessa j\u00e4senvaltiossa, antaa edun, joka helpottaa yhteisty\u00f6t\u00e4 ja varmistaa tavaroiden\u00a0sujuvamman liikkumisen. T\u00e4m\u00e4n vuoden arvonlis\u00e4verolain muutoksen valossa, joka koski tilauksen mukaan syntyv\u00e4n tavaravaraston k\u00e4sitteen lis\u00e4\u00e4mist\u00e4 Viron alv-kohteluun, n\u00e4emme tarpeen tehd\u00e4 lyhyt\u00a0katsaus varastolajeista, jotka ovat t\u00e4rkeit\u00e4 alv-kirjanpidon ja arvonlis\u00e4verovelvollisuuden\u00a0syntymisen kannalta. Tavaroiden liikkumisen suhteen Euroopan unionissa erotetaan yleens\u00e4\u00a02 varastolajia: konsignaatiovarasto [&hellip;]<\/p>\n","protected":false},"author":10,"featured_media":0,"comment_status":"open","ping_status":"open","sticky":false,"template":"","format":"standard","meta":{"_acf_changed":false,"inline_featured_image":false,"footnotes":""},"categories":[1],"tags":[],"coauthors":[114],"class_list":["post-6682","post","type-post","status-publish","format-standard","hentry","category-uncategorized"],"acf":[],"yoast_head":"<!-- This site is optimized with the Yoast SEO plugin v25.5 - https:\/\/yoast.com\/wordpress\/plugins\/seo\/ -->\n<title>Mit\u00e4 kannattaa harkita varastoitaessa tavaroita toiseen EU- maahan &#8211; Leinonen Estonia<\/title>\n<meta name=\"robots\" content=\"index, follow, max-snippet:-1, max-image-preview:large, max-video-preview:-1\" \/>\n<link rel=\"canonical\" href=\"https:\/\/leinonen.eu\/est\/fi\/news\/mita-kannattaa-harkita-varastoitaessa-tavaroita-toiseen-eu-maahan\/\" \/>\n<meta property=\"og:locale\" content=\"fi_FI\" \/>\n<meta property=\"og:type\" content=\"article\" \/>\n<meta property=\"og:title\" content=\"Mit\u00e4 kannattaa harkita varastoitaessa tavaroita toiseen EU- maahan &#8211; Leinonen Estonia\" \/>\n<meta property=\"og:description\" content=\"Tavaroita myyv\u00e4lle yritykselle tavaroiden varastointi l\u00e4hell\u00e4 asiakasta, mm. varastoon\u00a0toisessa j\u00e4senvaltiossa, antaa edun, joka helpottaa yhteisty\u00f6t\u00e4 ja varmistaa tavaroiden\u00a0sujuvamman liikkumisen. T\u00e4m\u00e4n vuoden arvonlis\u00e4verolain muutoksen valossa, joka koski tilauksen mukaan syntyv\u00e4n tavaravaraston k\u00e4sitteen lis\u00e4\u00e4mist\u00e4 Viron alv-kohteluun, n\u00e4emme tarpeen tehd\u00e4 lyhyt\u00a0katsaus varastolajeista, jotka ovat t\u00e4rkeit\u00e4 alv-kirjanpidon ja arvonlis\u00e4verovelvollisuuden\u00a0syntymisen kannalta. Tavaroiden liikkumisen suhteen Euroopan unionissa erotetaan yleens\u00e4\u00a02 varastolajia: konsignaatiovarasto [&hellip;]\" \/>\n<meta property=\"og:url\" content=\"https:\/\/leinonen.eu\/est\/fi\/news\/mita-kannattaa-harkita-varastoitaessa-tavaroita-toiseen-eu-maahan\/\" \/>\n<meta property=\"og:site_name\" content=\"Leinonen Estonia\" \/>\n<meta property=\"article:published_time\" content=\"2020-04-13T00:00:00+00:00\" \/>\n<meta property=\"article:modified_time\" content=\"2024-01-17T16:21:30+00:00\" \/>\n<meta name=\"author\" content=\"Leinonen Estonia\" \/>\n<meta name=\"twitter:card\" content=\"summary_large_image\" \/>\n<meta name=\"twitter:creator\" content=\"@leinonengroup\" \/>\n<meta name=\"twitter:site\" content=\"@leinonengroup\" \/>\n<meta name=\"twitter:label1\" content=\"Kirjoittanut\" \/>\n\t<meta name=\"twitter:data1\" content=\"Leinonen Estonia\" \/>\n\t<meta name=\"twitter:label2\" content=\"Arvioitu lukuaika\" \/>\n\t<meta name=\"twitter:data2\" content=\"1 minuutti\" \/>\n\t<meta name=\"twitter:label3\" content=\"Written by\" \/>\n\t<meta name=\"twitter:data3\" content=\"Leinonen Estonia\" \/>\n<script type=\"application\/ld+json\" class=\"yoast-schema-graph\">{\"@context\":\"https:\/\/schema.org\",\"@graph\":[{\"@type\":\"WebPage\",\"@id\":\"https:\/\/leinonen.eu\/est\/fi\/news\/mita-kannattaa-harkita-varastoitaessa-tavaroita-toiseen-eu-maahan\/\",\"url\":\"https:\/\/leinonen.eu\/est\/fi\/news\/mita-kannattaa-harkita-varastoitaessa-tavaroita-toiseen-eu-maahan\/\",\"name\":\"Mit\u00e4 kannattaa harkita varastoitaessa tavaroita toiseen EU- maahan &#8211; Leinonen Estonia\",\"isPartOf\":{\"@id\":\"https:\/\/leinonen.eu\/est\/fi\/#website\"},\"datePublished\":\"2020-04-13T00:00:00+00:00\",\"dateModified\":\"2024-01-17T16:21:30+00:00\",\"author\":{\"@id\":\"https:\/\/leinonen.eu\/est\/fi\/#\/schema\/person\/de313bf8a5962dc0c56c3be5c2a15508\"},\"breadcrumb\":{\"@id\":\"https:\/\/leinonen.eu\/est\/fi\/news\/mita-kannattaa-harkita-varastoitaessa-tavaroita-toiseen-eu-maahan\/#breadcrumb\"},\"inLanguage\":\"fi\",\"potentialAction\":[{\"@type\":\"ReadAction\",\"target\":[\"https:\/\/leinonen.eu\/est\/fi\/news\/mita-kannattaa-harkita-varastoitaessa-tavaroita-toiseen-eu-maahan\/\"]}]},{\"@type\":\"BreadcrumbList\",\"@id\":\"https:\/\/leinonen.eu\/est\/fi\/news\/mita-kannattaa-harkita-varastoitaessa-tavaroita-toiseen-eu-maahan\/#breadcrumb\",\"itemListElement\":[{\"@type\":\"ListItem\",\"position\":1,\"name\":\"Home\",\"item\":\"https:\/\/leinonen.eu\/est\/fi\/\"},{\"@type\":\"ListItem\",\"position\":2,\"name\":\"Mit\u00e4 kannattaa harkita varastoitaessa tavaroita toiseen EU- maahan\"}]},{\"@type\":\"WebSite\",\"@id\":\"https:\/\/leinonen.eu\/est\/fi\/#website\",\"url\":\"https:\/\/leinonen.eu\/est\/fi\/\",\"name\":\"Leinonen Estonia\",\"description\":\"\",\"potentialAction\":[{\"@type\":\"SearchAction\",\"target\":{\"@type\":\"EntryPoint\",\"urlTemplate\":\"https:\/\/leinonen.eu\/est\/fi\/?s={search_term_string}\"},\"query-input\":{\"@type\":\"PropertyValueSpecification\",\"valueRequired\":true,\"valueName\":\"search_term_string\"}}],\"inLanguage\":\"fi\"},{\"@type\":\"Person\",\"@id\":\"https:\/\/leinonen.eu\/est\/fi\/#\/schema\/person\/de313bf8a5962dc0c56c3be5c2a15508\",\"name\":\"Leinonen Estonia\",\"image\":{\"@type\":\"ImageObject\",\"inLanguage\":\"fi\",\"@id\":\"https:\/\/leinonen.eu\/est\/fi\/#\/schema\/person\/image\/bd7ccc6fe5d3edef6a724668c8b03c78\",\"url\":\"https:\/\/leinonen.eu\/app\/uploads\/sites\/11\/2025\/01\/avatar_user_10_1736777560-96x96.png\",\"contentUrl\":\"https:\/\/leinonen.eu\/app\/uploads\/sites\/11\/2025\/01\/avatar_user_10_1736777560-96x96.png\",\"caption\":\"Leinonen Estonia\"},\"url\":\"https:\/\/leinonen.eu\/est\/fi\/news\/author\/leinonen-estonia\/\"}]}<\/script>\n<!-- \/ Yoast SEO plugin. -->","yoast_head_json":{"title":"Mit\u00e4 kannattaa harkita varastoitaessa tavaroita toiseen EU- maahan &#8211; Leinonen Estonia","robots":{"index":"index","follow":"follow","max-snippet":"max-snippet:-1","max-image-preview":"max-image-preview:large","max-video-preview":"max-video-preview:-1"},"canonical":"https:\/\/leinonen.eu\/est\/fi\/news\/mita-kannattaa-harkita-varastoitaessa-tavaroita-toiseen-eu-maahan\/","og_locale":"fi_FI","og_type":"article","og_title":"Mit\u00e4 kannattaa harkita varastoitaessa tavaroita toiseen EU- maahan &#8211; Leinonen Estonia","og_description":"Tavaroita myyv\u00e4lle yritykselle tavaroiden varastointi l\u00e4hell\u00e4 asiakasta, mm. varastoon\u00a0toisessa j\u00e4senvaltiossa, antaa edun, joka helpottaa yhteisty\u00f6t\u00e4 ja varmistaa tavaroiden\u00a0sujuvamman liikkumisen. T\u00e4m\u00e4n vuoden arvonlis\u00e4verolain muutoksen valossa, joka koski tilauksen mukaan syntyv\u00e4n tavaravaraston k\u00e4sitteen lis\u00e4\u00e4mist\u00e4 Viron alv-kohteluun, n\u00e4emme tarpeen tehd\u00e4 lyhyt\u00a0katsaus varastolajeista, jotka ovat t\u00e4rkeit\u00e4 alv-kirjanpidon ja arvonlis\u00e4verovelvollisuuden\u00a0syntymisen kannalta. Tavaroiden liikkumisen suhteen Euroopan unionissa erotetaan yleens\u00e4\u00a02 varastolajia: konsignaatiovarasto [&hellip;]","og_url":"https:\/\/leinonen.eu\/est\/fi\/news\/mita-kannattaa-harkita-varastoitaessa-tavaroita-toiseen-eu-maahan\/","og_site_name":"Leinonen Estonia","article_published_time":"2020-04-13T00:00:00+00:00","article_modified_time":"2024-01-17T16:21:30+00:00","author":"Leinonen Estonia","twitter_card":"summary_large_image","twitter_creator":"@leinonengroup","twitter_site":"@leinonengroup","twitter_misc":{"Kirjoittanut":"Leinonen Estonia","Arvioitu lukuaika":"1 minuutti","Written by":"Leinonen Estonia"},"schema":{"@context":"https:\/\/schema.org","@graph":[{"@type":"WebPage","@id":"https:\/\/leinonen.eu\/est\/fi\/news\/mita-kannattaa-harkita-varastoitaessa-tavaroita-toiseen-eu-maahan\/","url":"https:\/\/leinonen.eu\/est\/fi\/news\/mita-kannattaa-harkita-varastoitaessa-tavaroita-toiseen-eu-maahan\/","name":"Mit\u00e4 kannattaa harkita varastoitaessa tavaroita toiseen EU- maahan &#8211; Leinonen Estonia","isPartOf":{"@id":"https:\/\/leinonen.eu\/est\/fi\/#website"},"datePublished":"2020-04-13T00:00:00+00:00","dateModified":"2024-01-17T16:21:30+00:00","author":{"@id":"https:\/\/leinonen.eu\/est\/fi\/#\/schema\/person\/de313bf8a5962dc0c56c3be5c2a15508"},"breadcrumb":{"@id":"https:\/\/leinonen.eu\/est\/fi\/news\/mita-kannattaa-harkita-varastoitaessa-tavaroita-toiseen-eu-maahan\/#breadcrumb"},"inLanguage":"fi","potentialAction":[{"@type":"ReadAction","target":["https:\/\/leinonen.eu\/est\/fi\/news\/mita-kannattaa-harkita-varastoitaessa-tavaroita-toiseen-eu-maahan\/"]}]},{"@type":"BreadcrumbList","@id":"https:\/\/leinonen.eu\/est\/fi\/news\/mita-kannattaa-harkita-varastoitaessa-tavaroita-toiseen-eu-maahan\/#breadcrumb","itemListElement":[{"@type":"ListItem","position":1,"name":"Home","item":"https:\/\/leinonen.eu\/est\/fi\/"},{"@type":"ListItem","position":2,"name":"Mit\u00e4 kannattaa harkita varastoitaessa tavaroita toiseen EU- maahan"}]},{"@type":"WebSite","@id":"https:\/\/leinonen.eu\/est\/fi\/#website","url":"https:\/\/leinonen.eu\/est\/fi\/","name":"Leinonen Estonia","description":"","potentialAction":[{"@type":"SearchAction","target":{"@type":"EntryPoint","urlTemplate":"https:\/\/leinonen.eu\/est\/fi\/?s={search_term_string}"},"query-input":{"@type":"PropertyValueSpecification","valueRequired":true,"valueName":"search_term_string"}}],"inLanguage":"fi"},{"@type":"Person","@id":"https:\/\/leinonen.eu\/est\/fi\/#\/schema\/person\/de313bf8a5962dc0c56c3be5c2a15508","name":"Leinonen Estonia","image":{"@type":"ImageObject","inLanguage":"fi","@id":"https:\/\/leinonen.eu\/est\/fi\/#\/schema\/person\/image\/bd7ccc6fe5d3edef6a724668c8b03c78","url":"https:\/\/leinonen.eu\/app\/uploads\/sites\/11\/2025\/01\/avatar_user_10_1736777560-96x96.png","contentUrl":"https:\/\/leinonen.eu\/app\/uploads\/sites\/11\/2025\/01\/avatar_user_10_1736777560-96x96.png","caption":"Leinonen Estonia"},"url":"https:\/\/leinonen.eu\/est\/fi\/news\/author\/leinonen-estonia\/"}]}},"_links":{"self":[{"href":"https:\/\/leinonen.eu\/est\/fi\/wp-json\/wp\/v2\/posts\/6682","targetHints":{"allow":["GET"]}}],"collection":[{"href":"https:\/\/leinonen.eu\/est\/fi\/wp-json\/wp\/v2\/posts"}],"about":[{"href":"https:\/\/leinonen.eu\/est\/fi\/wp-json\/wp\/v2\/types\/post"}],"author":[{"embeddable":true,"href":"https:\/\/leinonen.eu\/est\/fi\/wp-json\/wp\/v2\/users\/10"}],"replies":[{"embeddable":true,"href":"https:\/\/leinonen.eu\/est\/fi\/wp-json\/wp\/v2\/comments?post=6682"}],"version-history":[{"count":1,"href":"https:\/\/leinonen.eu\/est\/fi\/wp-json\/wp\/v2\/posts\/6682\/revisions"}],"predecessor-version":[{"id":8348,"href":"https:\/\/leinonen.eu\/est\/fi\/wp-json\/wp\/v2\/posts\/6682\/revisions\/8348"}],"wp:attachment":[{"href":"https:\/\/leinonen.eu\/est\/fi\/wp-json\/wp\/v2\/media?parent=6682"}],"wp:term":[{"taxonomy":"category","embeddable":true,"href":"https:\/\/leinonen.eu\/est\/fi\/wp-json\/wp\/v2\/categories?post=6682"},{"taxonomy":"post_tag","embeddable":true,"href":"https:\/\/leinonen.eu\/est\/fi\/wp-json\/wp\/v2\/tags?post=6682"},{"taxonomy":"author","embeddable":true,"href":"https:\/\/leinonen.eu\/est\/fi\/wp-json\/wp\/v2\/coauthors?post=6682"}],"curies":[{"name":"wp","href":"https:\/\/api.w.org\/{rel}","templated":true}]}}