{"id":6757,"date":"2016-03-28T00:00:00","date_gmt":"2016-03-28T00:00:00","guid":{"rendered":"https:\/\/new.leinonen.eu\/est\/milloin-ulkomaalainen-on-velvollinen-rekisteroitymaan-alv-velvolliseksi\/"},"modified":"2016-03-28T00:00:00","modified_gmt":"2016-03-28T00:00:00","slug":"milloin-ulkomaalainen-on-velvollinen-rekisteroitymaan-alv-velvolliseksi","status":"publish","type":"post","link":"https:\/\/leinonen.eu\/est\/fi\/news\/milloin-ulkomaalainen-on-velvollinen-rekisteroitymaan-alv-velvolliseksi\/","title":{"rendered":"Milloin ulkomaalainen on velvollinen\nrekister\u00f6itym\u00e4\u00e4n ALV-velvolliseksi"},"content":{"rendered":"<div>\n<p>Monet velvollisuudet voidaan hoitaa internetin kautta. Nyky\u00e4\u00e4n e-residenssipalvelut tarjoavat hy\u00f6dyllist\u00e4 apuja ulkomaalaiselle yritt\u00e4j\u00e4lle. T\u00e4m\u00e4n vuoksi on syyt\u00e4 tarkastaa, milloin ja miss\u00e4 tilanteessa ulkomaalaisella toimijalla muodostuu velvollisuus ALV-rekister\u00f6intiin.  <\/p>\n<p>T\u00e4m\u00e4n ALV-velvollisuuden muodostuminen riippuu seuraavista asioista:<\/p>\n<ol>\n<li>kiinte\u00e4n tomipaikan muodostuminen;<\/li>\n<li>onko tavaroiden ostaja tai paveluiden vastaanottaja ALV-velvollinen taho Virossa;<\/li>\n<li>transaktion luonne (erikoisj\u00e4rjestelyt koskevat et\u00e4myynti\u00e4 toisesta EU-j\u00e4senmaasta tai s\u00e4hk\u00f6isesti tuotettuja palveluja kolmannesta maasta).<\/li>\n<\/ol>\n<p>Kiinte\u00e4n toimipaikan omaavan, ulkomaalaisen toimijan Virossa, tulee rekister\u00f6ity\u00e4 ALV-velvolliseksi samalla tavalla kuin virolaisen verovelvollisen. Koska ALV-lains\u00e4\u00e4d\u00e4nt\u00f6 ei m\u00e4\u00e4rittele kiinte\u00e4\u00e4 toimipaikkaa, sen m\u00e4\u00e4rittelyn tulee seurata yleist\u00e4 Verolains\u00e4\u00e4d\u00e4nt\u00f6\u00e4. Yleisen Verolains\u00e4\u00e4d\u00e4nn\u00f6n \u00a7 9 (3) mukaan kiinte\u00e4 toimipaikka on paikka, josta k\u00e4sin toteutetaan joko kokonaan tai osittain vakituisia liiketoimintoja ulkomaalaisen toimijan toimesta Virossa.<\/p>\n<p>N\u00e4in ollen ulkomaalainen voi tehd\u00e4 liiketoimintaa ilman pysyv\u00e4n toimipaikan muodostumista t\u00e4nne. Keskeist\u00e4 on liiketoiminnan luonne \u2013 onko se pysyv\u00e4\u00e4 vai voidaanko sanoa, ett\u00e4 liiketoiminta on kertaluonteista, yhden sopimuksen puitteissa olevaa toimintaa.  <\/p>\n<p>J\u00e4lkimm\u00e4isess\u00e4 tapauksessa kiinte\u00e4\u00e4 toimipaikkaa ei muodostu ja verovelvollisuuden m\u00e4\u00e4ritelm\u00e4 tulee muodostaa muiden kriteerien pohjalta.  ALV lain \u00a7 19 (3) mukaa verovelvollisuus muodostuu tapauksissa, joissa kiinte\u00e4 toimipaikka ei muodostu, mutta syntyy verotettavaa tuloa Virossa ja sit\u00e4 ei veroteta Virossa. Et\u00e4myyntitapauksessa ei ole tarvetta rekister\u00f6intiin, kuten ei ole my\u00f6sk\u00e4\u00e4n 0% myynnin tapauksessa (poislukien yhteis\u00f6myynti) tai jos ulkomainen yhteis\u00f6 on rekister\u00f6ity toisessa EU-maassa ALV-velvolliseksi s\u00e4hk\u00f6isten palvelujen tuottajaksi. T\u00e4ten ulkomaalainen, jolla ei ole kiinte\u00e4\u00e4 toimipaikkaa Virossa, tulee verovelvolliseksi seuraavien asioiden toteutuessa samanaikaisesti:<\/p>\n<ol>\n<li>Ulkomaalainen myy tuotteita tai palveluita henkil\u00f6lle, joka ei ole verotettava taho tai rajoitetun verovelvollisuuden piiriss\u00e4;<\/li>\n<li>Tuotteet ja palvelut kuuluvat ALV piirini, mutta eiv\u00e4t 0%:lla.\u00a0<\/li>\n<\/ol>\n<p>Mik\u00e4 tarkoittaa sit\u00e4, ett\u00e4 ulkomaalaisen yrityksen, joka myy tuotteita tai palveluja yksityishenkil\u00f6ille tai ei-verovelvollisille yrityksille, t\u00e4ytyy rekister\u00f6ity\u00e4 ALV-velvolliseksi ja maksaa ALV Viron valtiolle.\u00a0<\/p>\n<p> <\/div>\n","protected":false},"excerpt":{"rendered":"<p>Monet velvollisuudet voidaan hoitaa internetin kautta. Nyky\u00e4\u00e4n e-residenssipalvelut tarjoavat hy\u00f6dyllist\u00e4 apuja ulkomaalaiselle yritt\u00e4j\u00e4lle. T\u00e4m\u00e4n vuoksi on syyt\u00e4 tarkastaa, milloin ja miss\u00e4 tilanteessa ulkomaalaisella toimijalla muodostuu velvollisuus ALV-rekister\u00f6intiin. T\u00e4m\u00e4n ALV-velvollisuuden muodostuminen riippuu seuraavista asioista: kiinte\u00e4n tomipaikan muodostuminen; onko tavaroiden ostaja tai paveluiden vastaanottaja ALV-velvollinen taho Virossa; transaktion luonne (erikoisj\u00e4rjestelyt koskevat et\u00e4myynti\u00e4 toisesta EU-j\u00e4senmaasta tai s\u00e4hk\u00f6isesti tuotettuja [&hellip;]<\/p>\n","protected":false},"author":10,"featured_media":0,"comment_status":"open","ping_status":"open","sticky":false,"template":"","format":"standard","meta":{"_acf_changed":false,"inline_featured_image":false,"footnotes":""},"categories":[1],"tags":[],"coauthors":[114],"class_list":["post-6757","post","type-post","status-publish","format-standard","hentry","category-uncategorized"],"acf":[],"yoast_head":"<!-- This site is optimized with the Yoast SEO plugin v25.5 - https:\/\/yoast.com\/wordpress\/plugins\/seo\/ -->\n<title>Milloin ulkomaalainen on velvollinen rekister\u00f6itym\u00e4\u00e4n ALV-velvolliseksi &#8211; Leinonen Estonia<\/title>\n<meta name=\"robots\" content=\"index, follow, max-snippet:-1, max-image-preview:large, max-video-preview:-1\" \/>\n<link rel=\"canonical\" href=\"https:\/\/leinonen.eu\/est\/fi\/news\/milloin-ulkomaalainen-on-velvollinen-rekisteroitymaan-alv-velvolliseksi\/\" \/>\n<meta property=\"og:locale\" content=\"fi_FI\" \/>\n<meta property=\"og:type\" content=\"article\" \/>\n<meta property=\"og:title\" content=\"Milloin ulkomaalainen on velvollinen rekister\u00f6itym\u00e4\u00e4n ALV-velvolliseksi &#8211; Leinonen Estonia\" \/>\n<meta property=\"og:description\" content=\"Monet velvollisuudet voidaan hoitaa internetin kautta. Nyky\u00e4\u00e4n e-residenssipalvelut tarjoavat hy\u00f6dyllist\u00e4 apuja ulkomaalaiselle yritt\u00e4j\u00e4lle. T\u00e4m\u00e4n vuoksi on syyt\u00e4 tarkastaa, milloin ja miss\u00e4 tilanteessa ulkomaalaisella toimijalla muodostuu velvollisuus ALV-rekister\u00f6intiin. T\u00e4m\u00e4n ALV-velvollisuuden muodostuminen riippuu seuraavista asioista: kiinte\u00e4n tomipaikan muodostuminen; onko tavaroiden ostaja tai paveluiden vastaanottaja ALV-velvollinen taho Virossa; transaktion luonne (erikoisj\u00e4rjestelyt koskevat et\u00e4myynti\u00e4 toisesta EU-j\u00e4senmaasta tai s\u00e4hk\u00f6isesti tuotettuja [&hellip;]\" \/>\n<meta property=\"og:url\" content=\"https:\/\/leinonen.eu\/est\/fi\/news\/milloin-ulkomaalainen-on-velvollinen-rekisteroitymaan-alv-velvolliseksi\/\" \/>\n<meta property=\"og:site_name\" content=\"Leinonen Estonia\" \/>\n<meta property=\"article:published_time\" content=\"2016-03-28T00:00:00+00:00\" \/>\n<meta name=\"author\" content=\"Leinonen Estonia\" \/>\n<meta name=\"twitter:card\" content=\"summary_large_image\" \/>\n<meta name=\"twitter:creator\" content=\"@leinonengroup\" \/>\n<meta name=\"twitter:site\" content=\"@leinonengroup\" \/>\n<meta name=\"twitter:label1\" content=\"Kirjoittanut\" \/>\n\t<meta name=\"twitter:data1\" content=\"Leinonen Estonia\" \/>\n\t<meta name=\"twitter:label2\" content=\"Arvioitu lukuaika\" \/>\n\t<meta name=\"twitter:data2\" content=\"2 minuuttia\" \/>\n\t<meta name=\"twitter:label3\" content=\"Written by\" \/>\n\t<meta name=\"twitter:data3\" content=\"Leinonen Estonia\" \/>\n<script type=\"application\/ld+json\" class=\"yoast-schema-graph\">{\"@context\":\"https:\/\/schema.org\",\"@graph\":[{\"@type\":\"WebPage\",\"@id\":\"https:\/\/leinonen.eu\/est\/fi\/news\/milloin-ulkomaalainen-on-velvollinen-rekisteroitymaan-alv-velvolliseksi\/\",\"url\":\"https:\/\/leinonen.eu\/est\/fi\/news\/milloin-ulkomaalainen-on-velvollinen-rekisteroitymaan-alv-velvolliseksi\/\",\"name\":\"Milloin ulkomaalainen on velvollinen rekister\u00f6itym\u00e4\u00e4n ALV-velvolliseksi &#8211; Leinonen Estonia\",\"isPartOf\":{\"@id\":\"https:\/\/leinonen.eu\/est\/fi\/#website\"},\"datePublished\":\"2016-03-28T00:00:00+00:00\",\"author\":{\"@id\":\"https:\/\/leinonen.eu\/est\/fi\/#\/schema\/person\/de313bf8a5962dc0c56c3be5c2a15508\"},\"breadcrumb\":{\"@id\":\"https:\/\/leinonen.eu\/est\/fi\/news\/milloin-ulkomaalainen-on-velvollinen-rekisteroitymaan-alv-velvolliseksi\/#breadcrumb\"},\"inLanguage\":\"fi\",\"potentialAction\":[{\"@type\":\"ReadAction\",\"target\":[\"https:\/\/leinonen.eu\/est\/fi\/news\/milloin-ulkomaalainen-on-velvollinen-rekisteroitymaan-alv-velvolliseksi\/\"]}]},{\"@type\":\"BreadcrumbList\",\"@id\":\"https:\/\/leinonen.eu\/est\/fi\/news\/milloin-ulkomaalainen-on-velvollinen-rekisteroitymaan-alv-velvolliseksi\/#breadcrumb\",\"itemListElement\":[{\"@type\":\"ListItem\",\"position\":1,\"name\":\"Home\",\"item\":\"https:\/\/leinonen.eu\/est\/fi\/\"},{\"@type\":\"ListItem\",\"position\":2,\"name\":\"Milloin ulkomaalainen on velvollinen rekister\u00f6itym\u00e4\u00e4n ALV-velvolliseksi\"}]},{\"@type\":\"WebSite\",\"@id\":\"https:\/\/leinonen.eu\/est\/fi\/#website\",\"url\":\"https:\/\/leinonen.eu\/est\/fi\/\",\"name\":\"Leinonen Estonia\",\"description\":\"\",\"potentialAction\":[{\"@type\":\"SearchAction\",\"target\":{\"@type\":\"EntryPoint\",\"urlTemplate\":\"https:\/\/leinonen.eu\/est\/fi\/?s={search_term_string}\"},\"query-input\":{\"@type\":\"PropertyValueSpecification\",\"valueRequired\":true,\"valueName\":\"search_term_string\"}}],\"inLanguage\":\"fi\"},{\"@type\":\"Person\",\"@id\":\"https:\/\/leinonen.eu\/est\/fi\/#\/schema\/person\/de313bf8a5962dc0c56c3be5c2a15508\",\"name\":\"Leinonen Estonia\",\"image\":{\"@type\":\"ImageObject\",\"inLanguage\":\"fi\",\"@id\":\"https:\/\/leinonen.eu\/est\/fi\/#\/schema\/person\/image\/bd7ccc6fe5d3edef6a724668c8b03c78\",\"url\":\"https:\/\/leinonen.eu\/app\/uploads\/sites\/11\/2025\/01\/avatar_user_10_1736777560-96x96.png\",\"contentUrl\":\"https:\/\/leinonen.eu\/app\/uploads\/sites\/11\/2025\/01\/avatar_user_10_1736777560-96x96.png\",\"caption\":\"Leinonen Estonia\"},\"url\":\"https:\/\/leinonen.eu\/est\/fi\/news\/author\/leinonen-estonia\/\"}]}<\/script>\n<!-- \/ Yoast SEO plugin. -->","yoast_head_json":{"title":"Milloin ulkomaalainen on velvollinen rekister\u00f6itym\u00e4\u00e4n ALV-velvolliseksi &#8211; Leinonen Estonia","robots":{"index":"index","follow":"follow","max-snippet":"max-snippet:-1","max-image-preview":"max-image-preview:large","max-video-preview":"max-video-preview:-1"},"canonical":"https:\/\/leinonen.eu\/est\/fi\/news\/milloin-ulkomaalainen-on-velvollinen-rekisteroitymaan-alv-velvolliseksi\/","og_locale":"fi_FI","og_type":"article","og_title":"Milloin ulkomaalainen on velvollinen rekister\u00f6itym\u00e4\u00e4n ALV-velvolliseksi &#8211; Leinonen Estonia","og_description":"Monet velvollisuudet voidaan hoitaa internetin kautta. Nyky\u00e4\u00e4n e-residenssipalvelut tarjoavat hy\u00f6dyllist\u00e4 apuja ulkomaalaiselle yritt\u00e4j\u00e4lle. T\u00e4m\u00e4n vuoksi on syyt\u00e4 tarkastaa, milloin ja miss\u00e4 tilanteessa ulkomaalaisella toimijalla muodostuu velvollisuus ALV-rekister\u00f6intiin. T\u00e4m\u00e4n ALV-velvollisuuden muodostuminen riippuu seuraavista asioista: kiinte\u00e4n tomipaikan muodostuminen; onko tavaroiden ostaja tai paveluiden vastaanottaja ALV-velvollinen taho Virossa; transaktion luonne (erikoisj\u00e4rjestelyt koskevat et\u00e4myynti\u00e4 toisesta EU-j\u00e4senmaasta tai s\u00e4hk\u00f6isesti tuotettuja [&hellip;]","og_url":"https:\/\/leinonen.eu\/est\/fi\/news\/milloin-ulkomaalainen-on-velvollinen-rekisteroitymaan-alv-velvolliseksi\/","og_site_name":"Leinonen Estonia","article_published_time":"2016-03-28T00:00:00+00:00","author":"Leinonen Estonia","twitter_card":"summary_large_image","twitter_creator":"@leinonengroup","twitter_site":"@leinonengroup","twitter_misc":{"Kirjoittanut":"Leinonen Estonia","Arvioitu lukuaika":"2 minuuttia","Written by":"Leinonen Estonia"},"schema":{"@context":"https:\/\/schema.org","@graph":[{"@type":"WebPage","@id":"https:\/\/leinonen.eu\/est\/fi\/news\/milloin-ulkomaalainen-on-velvollinen-rekisteroitymaan-alv-velvolliseksi\/","url":"https:\/\/leinonen.eu\/est\/fi\/news\/milloin-ulkomaalainen-on-velvollinen-rekisteroitymaan-alv-velvolliseksi\/","name":"Milloin ulkomaalainen on velvollinen rekister\u00f6itym\u00e4\u00e4n ALV-velvolliseksi &#8211; Leinonen Estonia","isPartOf":{"@id":"https:\/\/leinonen.eu\/est\/fi\/#website"},"datePublished":"2016-03-28T00:00:00+00:00","author":{"@id":"https:\/\/leinonen.eu\/est\/fi\/#\/schema\/person\/de313bf8a5962dc0c56c3be5c2a15508"},"breadcrumb":{"@id":"https:\/\/leinonen.eu\/est\/fi\/news\/milloin-ulkomaalainen-on-velvollinen-rekisteroitymaan-alv-velvolliseksi\/#breadcrumb"},"inLanguage":"fi","potentialAction":[{"@type":"ReadAction","target":["https:\/\/leinonen.eu\/est\/fi\/news\/milloin-ulkomaalainen-on-velvollinen-rekisteroitymaan-alv-velvolliseksi\/"]}]},{"@type":"BreadcrumbList","@id":"https:\/\/leinonen.eu\/est\/fi\/news\/milloin-ulkomaalainen-on-velvollinen-rekisteroitymaan-alv-velvolliseksi\/#breadcrumb","itemListElement":[{"@type":"ListItem","position":1,"name":"Home","item":"https:\/\/leinonen.eu\/est\/fi\/"},{"@type":"ListItem","position":2,"name":"Milloin ulkomaalainen on velvollinen rekister\u00f6itym\u00e4\u00e4n ALV-velvolliseksi"}]},{"@type":"WebSite","@id":"https:\/\/leinonen.eu\/est\/fi\/#website","url":"https:\/\/leinonen.eu\/est\/fi\/","name":"Leinonen Estonia","description":"","potentialAction":[{"@type":"SearchAction","target":{"@type":"EntryPoint","urlTemplate":"https:\/\/leinonen.eu\/est\/fi\/?s={search_term_string}"},"query-input":{"@type":"PropertyValueSpecification","valueRequired":true,"valueName":"search_term_string"}}],"inLanguage":"fi"},{"@type":"Person","@id":"https:\/\/leinonen.eu\/est\/fi\/#\/schema\/person\/de313bf8a5962dc0c56c3be5c2a15508","name":"Leinonen Estonia","image":{"@type":"ImageObject","inLanguage":"fi","@id":"https:\/\/leinonen.eu\/est\/fi\/#\/schema\/person\/image\/bd7ccc6fe5d3edef6a724668c8b03c78","url":"https:\/\/leinonen.eu\/app\/uploads\/sites\/11\/2025\/01\/avatar_user_10_1736777560-96x96.png","contentUrl":"https:\/\/leinonen.eu\/app\/uploads\/sites\/11\/2025\/01\/avatar_user_10_1736777560-96x96.png","caption":"Leinonen Estonia"},"url":"https:\/\/leinonen.eu\/est\/fi\/news\/author\/leinonen-estonia\/"}]}},"_links":{"self":[{"href":"https:\/\/leinonen.eu\/est\/fi\/wp-json\/wp\/v2\/posts\/6757","targetHints":{"allow":["GET"]}}],"collection":[{"href":"https:\/\/leinonen.eu\/est\/fi\/wp-json\/wp\/v2\/posts"}],"about":[{"href":"https:\/\/leinonen.eu\/est\/fi\/wp-json\/wp\/v2\/types\/post"}],"author":[{"embeddable":true,"href":"https:\/\/leinonen.eu\/est\/fi\/wp-json\/wp\/v2\/users\/10"}],"replies":[{"embeddable":true,"href":"https:\/\/leinonen.eu\/est\/fi\/wp-json\/wp\/v2\/comments?post=6757"}],"version-history":[{"count":0,"href":"https:\/\/leinonen.eu\/est\/fi\/wp-json\/wp\/v2\/posts\/6757\/revisions"}],"wp:attachment":[{"href":"https:\/\/leinonen.eu\/est\/fi\/wp-json\/wp\/v2\/media?parent=6757"}],"wp:term":[{"taxonomy":"category","embeddable":true,"href":"https:\/\/leinonen.eu\/est\/fi\/wp-json\/wp\/v2\/categories?post=6757"},{"taxonomy":"post_tag","embeddable":true,"href":"https:\/\/leinonen.eu\/est\/fi\/wp-json\/wp\/v2\/tags?post=6757"},{"taxonomy":"author","embeddable":true,"href":"https:\/\/leinonen.eu\/est\/fi\/wp-json\/wp\/v2\/coauthors?post=6757"}],"curies":[{"name":"wp","href":"https:\/\/api.w.org\/{rel}","templated":true}]}}