{"id":7305,"date":"2024-10-22T09:03:00","date_gmt":"2024-10-22T09:03:00","guid":{"rendered":"https:\/\/new.leinonen.eu\/est\/?p=7305"},"modified":"2026-02-23T09:31:29","modified_gmt":"2026-02-23T09:31:29","slug":"yritystoiminta-virossa","status":"publish","type":"post","link":"https:\/\/leinonen.eu\/est\/fi\/news\/yritystoiminta-virossa\/","title":{"rendered":"YRITYSTOIMINTA VIROSSA"},"content":{"rendered":"\n<p>Viron taloudesta on tullut eritt\u00e4in kilpailukykyinen, ja se tukee sek\u00e4 suuria kansainv\u00e4lisi\u00e4 yrityksi\u00e4 ett\u00e4 vasta perustettuja start\u2011up\u2011yrityksi\u00e4. Viime vuosina Virosta on tullut IT\u2011alan maailmanlaajuinen edell\u00e4k\u00e4vij\u00e4, ja maa investoi alaan merkitt\u00e4v\u00e4sti.<\/p>\n\n\n\n<p>Virossa on maailmanluokan inhimillist\u00e4 p\u00e4\u00e4omaa, ja osaava ty\u00f6voima on suuri etu kaikille yritt\u00e4jille, jotka suunnittelevat liiketoiminnan aloittamista Virossa. Virolainen ty\u00f6voima on korkeasti koulutettua ja monikielist\u00e4. Englantia puhutaan laajasti kaikkialla maassa.<\/p>\n\n\n\n<p><a href=\"https:\/\/leinonen.eu\/est\/fi\/services\/company-establishment\/\" target=\"_blank\" rel=\"noreferrer noopener\">Yrityksen perustaminen Viroon<\/a> on tehty eritt\u00e4in helpoksi. Viro oli ensimm\u00e4inen maa maailmassa, joka tarjosi e\u2011residenssin. T\u00e4m\u00e4 tarkoittaa, ett\u00e4 yritt\u00e4j\u00e4t kaikkialta maailmasta voivat perustaa yrityksen Viroon, jos he ovat e\u2011residenttej\u00e4. E\u2011residenssi mahdollistaa my\u00f6s yrityksen et\u00e4hallinnan.<\/p>\n\n\n\n<h3 class=\"wp-block-heading\">YRITYKSEN PERUSTAMINEN<\/h3>\n\n\n\n<p>Ennen liiketoiminnan aloittamista Virossa on valittava, mink\u00e4 tyyppisen oikeushenkil\u00f6n haluat perustaa. Viron kauppalaki s\u00e4\u00e4telee yrityksen perustamista. Kauppalain mukaan on olemassa viisi oikeushenkil\u00f6muotoa:<br>\u2022 <strong>osakeyhti\u00f6 (O\u00dc)<\/strong><br>\u2022 <strong>julkinen osakeyhti\u00f6 (AS)<\/strong><br>\u2022 <strong>avoin yhti\u00f6 (T\u00dc)<\/strong><br>\u2022 <strong>kommandiittiyhti\u00f6 (U\u00dc)<\/strong><\/p>\n\n\n\n<p>Yleisimm\u00e4t yhti\u00f6muodot ovat osakeyhti\u00f6 (O\u00dc) ja julkinen osakeyhti\u00f6 (AS).<\/p>\n\n\n\n<p>Osakeyhti\u00f6n (O\u00dc) osakep\u00e4\u00e4oman tulee olla v\u00e4hint\u00e4\u00e4n <strong>0,01 euroa<\/strong>, jos perustajia on yksi. Vaikka osakep\u00e4\u00e4oma voi olla vain 0,01 euroa, on eritt\u00e4in suositeltavaa perustaa yritys, jonka osakep\u00e4\u00e4oma on v\u00e4hint\u00e4\u00e4n <strong>2 500 euroa<\/strong>.<\/p>\n\n\n\n<p>Julkisen osakeyhti\u00f6n (AS) osakep\u00e4\u00e4oman on oltava v\u00e4hint\u00e4\u00e4n <strong>25 000 euroa<\/strong>.<\/p>\n\n\n\n<p>Huomioi, ett\u00e4 osakep\u00e4\u00e4oman tulee olla <strong>t\u00e4ysin maksettu ennen yhti\u00f6n perustamista<\/strong>.<\/p>\n\n\n\n<p>Yrityksen voi perustaa Virossa kahdella tavalla:<\/p>\n\n\n\n<ol class=\"wp-block-list\">\n<li><strong>Notaarin kautta<\/strong>.<\/li>\n\n\n\n<li><strong>S\u00e4hk\u00f6isesti<\/strong> yritysrekisterin portaalissa. T\u00e4m\u00e4 on mahdollista vain luonnollisille henkil\u00f6ille, joilla on e\u2011residenssi tai Viron ID\u2011kortti. T\u00e4ll\u00f6in yrityksen voi perustaa ilman osakep\u00e4\u00e4oman maksua.<\/li>\n<\/ol>\n\n\n\n<h3 class=\"wp-block-heading\">VEROTUS<\/h3>\n\n\n\n<p>Suhteellisen alhaisten verokantojen sek\u00e4 jaettamattomien ja uudelleensijoitettujen voittojen verottomuuden vuoksi Viron veroj\u00e4rjestelm\u00e4 on yksi kilpailukykyisimmist\u00e4 maailmassa. Kaikki veroilmoitukset voi toimittaa s\u00e4hk\u00f6isesti.<\/p>\n\n\n\n<p>Virossa ei sovelleta perinteist\u00e4 yhteis\u00f6veroa. Virossa rekister\u00f6ityihin yrityksiin ja ulkomaisten yritysten kiinteisiin toimipaikkoihin (mukaan lukien sivuliikkeet) sovelletaan <strong>22 %:n yhteis\u00f6veroa<\/strong>, joka lasketaan kaavalla <strong>22\/78<\/strong> ja koskee ainoastaan jaettuja voittoja (sek\u00e4 todellisia ett\u00e4 laskennallisia). Pid\u00e4tettyj\u00e4 ja uudelleensijoitettuja voittoja verotetaan <strong>0 %<\/strong>.<\/p>\n\n\n\n<p>Yritysten verokausi on yksi kuukausi, ja vero tulee ilmoittaa ja maksaa seuraavan kuukauden 10. p\u00e4iv\u00e4\u00e4n menness\u00e4.<\/p>\n\n\n\n<p>Viron henkil\u00f6kohtaisen tuloveron verokanta on <strong>22 %<\/strong>. Verotuskausi on kalenterivuosi. Ty\u00f6ntekij\u00f6iden tuloja verotetaan ennakonpid\u00e4tyksell\u00e4 22 % ty\u00f6ntekij\u00e4n bruttopalkasta. Ty\u00f6nantaja pid\u00e4tt\u00e4\u00e4 verot kuukausittain, joten ty\u00f6ntekij\u00e4lle ei synny lis\u00e4maksuja tai ilmoitusvelvollisuuksia.<\/p>\n\n\n\n<p>Viron veroresidenttien tulee ilmoittaa koko maailman tulonsa Virossa. Muualla asuvia verotetaan vain Virossa ansaituista tuloista.<\/p>\n\n\n\n<p>Vuodesta <strong>2026<\/strong> alkaen jokaisella ty\u00f6ntekij\u00e4ll\u00e4 on oikeus <strong>700 euron suuruiseen kuukausittaiseen verovapaaseen tuloon<\/strong>, tulotasosta riippumatta.<\/p>\n\n\n\n<p><strong>1. hein\u00e4kuuta 2025<\/strong> l\u00e4htien Viron yleinen ALV\u2011kanta on <strong>24 %<\/strong>.<br>\u2022 Alennettu <strong>9 % ALV\u2011kanta<\/strong> koskee kirjoja, l\u00e4\u00e4kinn\u00e4llisi\u00e4 tuotteita ja aikakausjulkaisuja.<br>\u2022 Alennettu <strong>13 % ALV\u2011kanta<\/strong> koskee majoituspalveluja.<br>\u2022 <strong>0 % ALV<\/strong> koskee kansainv\u00e4liseen liiketoimintaan liittyvi\u00e4 tavaroita ja palveluja.<\/p>\n\n\n\n<p>Lis\u00e4tietoja <a href=\"https:\/\/www.emta.ee\/en\" target=\"_blank\" rel=\"noreferrer noopener\">Viron verotuksesta saat Viron verohallinnon verkkosivuilta<\/a>.<\/p>\n\n\n\n<h3 class=\"wp-block-heading\">TY\u00d6SKENTELY<\/h3>\n\n\n\n<p>Viron ty\u00f6suhteita s\u00e4\u00e4telee Viron ty\u00f6sopimuslaki (TLS).<\/p>\n\n\n\n<p>Ulkomaalaiset ovat velvollisia maksamaan asukasveroa Virossa, jos he oleskelevat maassa v\u00e4hint\u00e4\u00e4n <strong>183 p\u00e4iv\u00e4\u00e4<\/strong> 12 per\u00e4kk\u00e4isen kuukauden aikana. Jos ulkomaalainen ty\u00f6ntekij\u00e4 t\u00e4ytt\u00e4\u00e4 verotuksellisen asumisen kriteerit, h\u00e4nen tulee rekister\u00f6id\u00e4 asuinpaikan m\u00e4\u00e4rityslomake.<\/p>\n\n\n\n<p>Virossa palkattavat ty\u00f6ntekij\u00e4t tulee rekister\u00f6id\u00e4 <strong>ty\u00f6suhderekisteriin<\/strong>, jota yll\u00e4pit\u00e4\u00e4 Viron vero\u2011 ja tullihallinto. Jos ty\u00f6ntekij\u00e4ll\u00e4 ei ole viel\u00e4 Viron henkil\u00f6tunnusta, se tulee hankkia paikalliselta viranomaiselta.<\/p>\n\n\n\n<p>Ty\u00f6nantaja <strong>ei voi irtisanoa ty\u00f6sopimusta tavanomaisesti<\/strong>. Jos ty\u00f6nantaja p\u00e4\u00e4tt\u00e4\u00e4 irtisanoa ty\u00f6sopimuksen <strong>erityisen painavasta syyst\u00e4<\/strong>, irtisanomisaika m\u00e4\u00e4r\u00e4ytyy ty\u00f6suhteen keston mukaan:<\/p>\n\n\n\n<ul class=\"wp-block-list\">\n<li>15 p\u00e4iv\u00e4\u00e4 alle vuoden ty\u00f6suhteessa olleille<\/li>\n\n\n\n<li>jopa 90 p\u00e4iv\u00e4\u00e4 yli 10 vuotta ty\u00f6suhteessa olleille<\/li>\n<\/ul>\n\n\n\n<p>Ty\u00f6ntekij\u00e4 voi irtisanoa toistaiseksi voimassa olevan sopimuksen milloin tahansa ilmoittamalla siit\u00e4 v\u00e4hint\u00e4\u00e4n <strong>30 p\u00e4iv\u00e4\u00e4 etuk\u00e4teen<\/strong> kirjallisesti todennettavassa muodossa.<\/p>\n\n\n\n<p>Ty\u00f6nantajan on aina <strong>perusteltava<\/strong> ty\u00f6sopimuksen p\u00e4\u00e4tt\u00e4minen. Ty\u00f6ntekij\u00e4n ei tarvitse perustella omaa tavanomaista irtisanoutumistaan.<\/p>\n\n\n\n<h3 class=\"wp-block-heading\">ULKOMAALAISENA<\/h3>\n\n\n\n<p>Viro on Euroopan unionin j\u00e4sen, joten EU\u2011kansalaiset voivat liikkua ja ty\u00f6skennell\u00e4 EU:n alueella vapaasti. Jos ulkomaalainen haluaa oleskella ja ty\u00f6skennell\u00e4 Virossa yli <strong>90 p\u00e4iv\u00e4\u00e4<\/strong>, h\u00e4nen tulee hakea oleskelulupaa.<\/p>\n\n\n\n<p>Suurin ja aktiivisin ulkomaalaisyhteis\u00f6 sijaitsee p\u00e4\u00e4kaupungissa Tallinnassa. My\u00f6s Tartossa asuu paljon ulkomaisia opiskelijoita ja ty\u00f6ntekij\u00f6it\u00e4.<\/p>\n\n\n\n<p>Lis\u00e4tietoja asumisesta <a href=\"https:\/\/www.politsei.ee\/en\/teenused\/elamisoigused\/\">Virossa l\u00f6ytyy Viron poliisi\u2011 ja rajavartiolaitoksen virallisilta verkkosivuilta<\/a>.<\/p>\n\n\n\n<h3 class=\"wp-block-heading\">MIELENKIINTOISIA FAKTOJA VIROSTA<\/h3>\n\n\n\n<ul class=\"wp-block-list\">\n<li>Viro oli ensimm\u00e4inen maa maailmassa, joka otti k\u00e4ytt\u00f6\u00f6n <strong>s\u00e4hk\u00f6iset vaalit<\/strong>.<\/li>\n\n\n\n<li>Yli <strong>50 %<\/strong> Viron pinta\u2011alasta on mets\u00e4\u00e4.<\/li>\n\n\n\n<li>Yli <strong>40 %<\/strong> ty\u00f6ik\u00e4isist\u00e4 virolaisista on korkeakoulutettuja.<\/li>\n\n\n\n<li>Viro on sijoittunut <strong>OECD:n verokilpailukykyindeksin ykk\u00f6ssijalle<\/strong> jo <strong>yksitoista vuotta per\u00e4kk\u00e4in<\/strong>.<\/li>\n\n\n\n<li>Tarton yliopisto on ainoa yliopisto Baltian maissa, joka kuuluu <strong>maailman parhaan 1,2 %:n<\/strong> joukkoon.<\/li>\n\n\n\n<li>Viron laulujuhlia on j\u00e4rjestetty vuodesta <strong>1869<\/strong> l\u00e4htien, ja UNESCO on tunnustanut ne ihmiskunnan suullisen ja henkisen perinn\u00f6n mestariteokseksi.<\/li>\n\n\n\n<li>Virossa on yli <strong>2 300 saarta<\/strong>, joilla asuu yhteens\u00e4 yli 40 000 vakituista asukasta.<\/li>\n\n\n\n<li>Yli <strong>134 500<\/strong> ihmist\u00e4 eri puolilta maailmaa on liittynyt Viron <strong>e\u2011residenssiohjelmaan<\/strong>, ja he ovat perustaneet maahan yli <strong>39 300 yrityst\u00e4<\/strong>.<\/li>\n\n\n\n<li>Viron digitaalinen valtionmalli mahdollistaa yli <strong>99 % julkisista palveluista<\/strong> t\u00e4ysin verkossa.<\/li>\n<\/ul>\n\n\n\n<p><strong>Jos olet kiinnostunut yrityksen perustamisesta Viroon, <\/strong><a href=\"https:\/\/leinonen.eu\/est\/fi\/contacts\/\" target=\"_blank\" rel=\"noreferrer noopener\">ota yhteytt\u00e4 asiantuntijoihimme ja kysy neuvoa<\/a><strong>.<\/strong><\/p>\n","protected":false},"excerpt":{"rendered":"<p>Viron taloudesta on tullut eritt\u00e4in kilpailukykyinen, ja se tukee sek\u00e4 suuria kansainv\u00e4lisi\u00e4 yrityksi\u00e4 ett\u00e4 vasta perustettuja start\u2011up\u2011yrityksi\u00e4. Viime vuosina Virosta on tullut IT\u2011alan maailmanlaajuinen edell\u00e4k\u00e4vij\u00e4, ja maa investoi alaan merkitt\u00e4v\u00e4sti. Virossa on maailmanluokan inhimillist\u00e4 p\u00e4\u00e4omaa, ja osaava ty\u00f6voima on suuri etu kaikille yritt\u00e4jille, jotka suunnittelevat liiketoiminnan aloittamista Virossa. Virolainen ty\u00f6voima on korkeasti koulutettua ja monikielist\u00e4. [&hellip;]<\/p>\n","protected":false},"author":1,"featured_media":8727,"comment_status":"closed","ping_status":"closed","sticky":false,"template":"","format":"standard","meta":{"_acf_changed":false,"inline_featured_image":false,"footnotes":""},"categories":[2],"tags":[],"coauthors":[73],"class_list":["post-7305","post","type-post","status-publish","format-standard","has-post-thumbnail","hentry","category-uncategorized-fi"],"acf":[],"yoast_head":"<!-- This site is optimized with the Yoast SEO plugin v25.5 - https:\/\/yoast.com\/wordpress\/plugins\/seo\/ -->\n<title>YRITYSTOIMINTA VIROSSA &#8211; Leinonen Estonia<\/title>\n<meta name=\"description\" content=\"Tutustu Viron kilpailukykyiseen talouteen, verotukseen, yrityksen perustamiseen ja ty\u00f6skentelyyn. Lue ajantasaiset faktat ja aloita yritystoiminta Virossa helposti.\" \/>\n<meta name=\"robots\" content=\"index, follow, max-snippet:-1, max-image-preview:large, max-video-preview:-1\" \/>\n<link rel=\"canonical\" href=\"https:\/\/leinonen.eu\/est\/fi\/news\/yritystoiminta-virossa\/\" \/>\n<meta property=\"og:locale\" content=\"fi_FI\" \/>\n<meta property=\"og:type\" content=\"article\" \/>\n<meta property=\"og:title\" content=\"YRITYSTOIMINTA VIROSSA &#8211; Leinonen Estonia\" \/>\n<meta property=\"og:description\" content=\"Tutustu Viron kilpailukykyiseen talouteen, verotukseen, yrityksen perustamiseen ja ty\u00f6skentelyyn. Lue ajantasaiset faktat ja aloita yritystoiminta Virossa helposti.\" \/>\n<meta property=\"og:url\" content=\"https:\/\/leinonen.eu\/est\/fi\/news\/yritystoiminta-virossa\/\" \/>\n<meta property=\"og:site_name\" content=\"Leinonen Estonia\" \/>\n<meta property=\"article:published_time\" content=\"2024-10-22T09:03:00+00:00\" \/>\n<meta property=\"article:modified_time\" content=\"2026-02-23T09:31:29+00:00\" \/>\n<meta property=\"og:image\" content=\"https:\/\/leinonen.eu\/app\/uploads\/sites\/11\/2023\/01\/YRITYSTOIMINTA_VIROSSA-1200x743-1.png\" \/>\n\t<meta property=\"og:image:width\" content=\"1200\" \/>\n\t<meta property=\"og:image:height\" content=\"743\" \/>\n\t<meta property=\"og:image:type\" content=\"image\/png\" \/>\n<meta name=\"author\" content=\"tenpixls\" \/>\n<meta name=\"twitter:card\" content=\"summary_large_image\" \/>\n<meta name=\"twitter:creator\" content=\"@leinonengroup\" \/>\n<meta name=\"twitter:site\" content=\"@leinonengroup\" \/>\n<meta name=\"twitter:label1\" content=\"Kirjoittanut\" \/>\n\t<meta name=\"twitter:data1\" content=\"tenpixls\" \/>\n\t<meta name=\"twitter:label2\" content=\"Arvioitu lukuaika\" \/>\n\t<meta name=\"twitter:data2\" content=\"4 minuuttia\" \/>\n\t<meta name=\"twitter:label3\" content=\"Written by\" \/>\n\t<meta name=\"twitter:data3\" content=\"tenpixls\" \/>\n<script type=\"application\/ld+json\" class=\"yoast-schema-graph\">{\"@context\":\"https:\/\/schema.org\",\"@graph\":[{\"@type\":\"WebPage\",\"@id\":\"https:\/\/leinonen.eu\/est\/fi\/news\/yritystoiminta-virossa\/\",\"url\":\"https:\/\/leinonen.eu\/est\/fi\/news\/yritystoiminta-virossa\/\",\"name\":\"YRITYSTOIMINTA VIROSSA &#8211; Leinonen Estonia\",\"isPartOf\":{\"@id\":\"https:\/\/leinonen.eu\/est\/fi\/#website\"},\"primaryImageOfPage\":{\"@id\":\"https:\/\/leinonen.eu\/est\/fi\/news\/yritystoiminta-virossa\/#primaryimage\"},\"image\":{\"@id\":\"https:\/\/leinonen.eu\/est\/fi\/news\/yritystoiminta-virossa\/#primaryimage\"},\"thumbnailUrl\":\"https:\/\/leinonen.eu\/app\/uploads\/sites\/11\/2023\/01\/YRITYSTOIMINTA_VIROSSA-1200x743-1.png\",\"datePublished\":\"2024-10-22T09:03:00+00:00\",\"dateModified\":\"2026-02-23T09:31:29+00:00\",\"author\":{\"@id\":\"https:\/\/leinonen.eu\/est\/fi\/#\/schema\/person\/47606459ebe19c44c856cfd02d7edb30\"},\"description\":\"Tutustu Viron kilpailukykyiseen talouteen, verotukseen, yrityksen perustamiseen ja ty\u00f6skentelyyn. Lue ajantasaiset faktat ja aloita yritystoiminta Virossa helposti.\",\"breadcrumb\":{\"@id\":\"https:\/\/leinonen.eu\/est\/fi\/news\/yritystoiminta-virossa\/#breadcrumb\"},\"inLanguage\":\"fi\",\"potentialAction\":[{\"@type\":\"ReadAction\",\"target\":[\"https:\/\/leinonen.eu\/est\/fi\/news\/yritystoiminta-virossa\/\"]}]},{\"@type\":\"ImageObject\",\"inLanguage\":\"fi\",\"@id\":\"https:\/\/leinonen.eu\/est\/fi\/news\/yritystoiminta-virossa\/#primaryimage\",\"url\":\"https:\/\/leinonen.eu\/app\/uploads\/sites\/11\/2023\/01\/YRITYSTOIMINTA_VIROSSA-1200x743-1.png\",\"contentUrl\":\"https:\/\/leinonen.eu\/app\/uploads\/sites\/11\/2023\/01\/YRITYSTOIMINTA_VIROSSA-1200x743-1.png\",\"width\":1200,\"height\":743},{\"@type\":\"BreadcrumbList\",\"@id\":\"https:\/\/leinonen.eu\/est\/fi\/news\/yritystoiminta-virossa\/#breadcrumb\",\"itemListElement\":[{\"@type\":\"ListItem\",\"position\":1,\"name\":\"Home\",\"item\":\"https:\/\/leinonen.eu\/est\/fi\/\"},{\"@type\":\"ListItem\",\"position\":2,\"name\":\"YRITYSTOIMINTA VIROSSA\"}]},{\"@type\":\"WebSite\",\"@id\":\"https:\/\/leinonen.eu\/est\/fi\/#website\",\"url\":\"https:\/\/leinonen.eu\/est\/fi\/\",\"name\":\"Leinonen Estonia\",\"description\":\"\",\"potentialAction\":[{\"@type\":\"SearchAction\",\"target\":{\"@type\":\"EntryPoint\",\"urlTemplate\":\"https:\/\/leinonen.eu\/est\/fi\/?s={search_term_string}\"},\"query-input\":{\"@type\":\"PropertyValueSpecification\",\"valueRequired\":true,\"valueName\":\"search_term_string\"}}],\"inLanguage\":\"fi\"},{\"@type\":\"Person\",\"@id\":\"https:\/\/leinonen.eu\/est\/fi\/#\/schema\/person\/47606459ebe19c44c856cfd02d7edb30\",\"name\":\"tenpixls\",\"image\":{\"@type\":\"ImageObject\",\"inLanguage\":\"fi\",\"@id\":\"https:\/\/leinonen.eu\/est\/fi\/#\/schema\/person\/image\/630377e78f0aa2e004e625e80339b1d6\",\"url\":\"https:\/\/secure.gravatar.com\/avatar\/8c305e3e6e94688195d0c7606df9131727ef0ecf17b4b67e285d484ed59b5d4e?s=96&d=mm&r=g\",\"contentUrl\":\"https:\/\/secure.gravatar.com\/avatar\/8c305e3e6e94688195d0c7606df9131727ef0ecf17b4b67e285d484ed59b5d4e?s=96&d=mm&r=g\",\"caption\":\"tenpixls\"},\"sameAs\":[\"https:\/\/leinonen.eu\/wp\"],\"url\":\"https:\/\/leinonen.eu\/est\/fi\/news\/author\/tenpixls\/\"}]}<\/script>\n<!-- \/ Yoast SEO plugin. -->","yoast_head_json":{"title":"YRITYSTOIMINTA VIROSSA &#8211; Leinonen Estonia","description":"Tutustu Viron kilpailukykyiseen talouteen, verotukseen, yrityksen perustamiseen ja ty\u00f6skentelyyn. Lue ajantasaiset faktat ja aloita yritystoiminta Virossa helposti.","robots":{"index":"index","follow":"follow","max-snippet":"max-snippet:-1","max-image-preview":"max-image-preview:large","max-video-preview":"max-video-preview:-1"},"canonical":"https:\/\/leinonen.eu\/est\/fi\/news\/yritystoiminta-virossa\/","og_locale":"fi_FI","og_type":"article","og_title":"YRITYSTOIMINTA VIROSSA &#8211; Leinonen Estonia","og_description":"Tutustu Viron kilpailukykyiseen talouteen, verotukseen, yrityksen perustamiseen ja ty\u00f6skentelyyn. Lue ajantasaiset faktat ja aloita yritystoiminta Virossa helposti.","og_url":"https:\/\/leinonen.eu\/est\/fi\/news\/yritystoiminta-virossa\/","og_site_name":"Leinonen Estonia","article_published_time":"2024-10-22T09:03:00+00:00","article_modified_time":"2026-02-23T09:31:29+00:00","og_image":[{"width":1200,"height":743,"url":"https:\/\/leinonen.eu\/app\/uploads\/sites\/11\/2023\/01\/YRITYSTOIMINTA_VIROSSA-1200x743-1.png","type":"image\/png"}],"author":"tenpixls","twitter_card":"summary_large_image","twitter_creator":"@leinonengroup","twitter_site":"@leinonengroup","twitter_misc":{"Kirjoittanut":"tenpixls","Arvioitu lukuaika":"4 minuuttia","Written by":"tenpixls"},"schema":{"@context":"https:\/\/schema.org","@graph":[{"@type":"WebPage","@id":"https:\/\/leinonen.eu\/est\/fi\/news\/yritystoiminta-virossa\/","url":"https:\/\/leinonen.eu\/est\/fi\/news\/yritystoiminta-virossa\/","name":"YRITYSTOIMINTA VIROSSA &#8211; Leinonen Estonia","isPartOf":{"@id":"https:\/\/leinonen.eu\/est\/fi\/#website"},"primaryImageOfPage":{"@id":"https:\/\/leinonen.eu\/est\/fi\/news\/yritystoiminta-virossa\/#primaryimage"},"image":{"@id":"https:\/\/leinonen.eu\/est\/fi\/news\/yritystoiminta-virossa\/#primaryimage"},"thumbnailUrl":"https:\/\/leinonen.eu\/app\/uploads\/sites\/11\/2023\/01\/YRITYSTOIMINTA_VIROSSA-1200x743-1.png","datePublished":"2024-10-22T09:03:00+00:00","dateModified":"2026-02-23T09:31:29+00:00","author":{"@id":"https:\/\/leinonen.eu\/est\/fi\/#\/schema\/person\/47606459ebe19c44c856cfd02d7edb30"},"description":"Tutustu Viron kilpailukykyiseen talouteen, verotukseen, yrityksen perustamiseen ja ty\u00f6skentelyyn. Lue ajantasaiset faktat ja aloita yritystoiminta Virossa helposti.","breadcrumb":{"@id":"https:\/\/leinonen.eu\/est\/fi\/news\/yritystoiminta-virossa\/#breadcrumb"},"inLanguage":"fi","potentialAction":[{"@type":"ReadAction","target":["https:\/\/leinonen.eu\/est\/fi\/news\/yritystoiminta-virossa\/"]}]},{"@type":"ImageObject","inLanguage":"fi","@id":"https:\/\/leinonen.eu\/est\/fi\/news\/yritystoiminta-virossa\/#primaryimage","url":"https:\/\/leinonen.eu\/app\/uploads\/sites\/11\/2023\/01\/YRITYSTOIMINTA_VIROSSA-1200x743-1.png","contentUrl":"https:\/\/leinonen.eu\/app\/uploads\/sites\/11\/2023\/01\/YRITYSTOIMINTA_VIROSSA-1200x743-1.png","width":1200,"height":743},{"@type":"BreadcrumbList","@id":"https:\/\/leinonen.eu\/est\/fi\/news\/yritystoiminta-virossa\/#breadcrumb","itemListElement":[{"@type":"ListItem","position":1,"name":"Home","item":"https:\/\/leinonen.eu\/est\/fi\/"},{"@type":"ListItem","position":2,"name":"YRITYSTOIMINTA VIROSSA"}]},{"@type":"WebSite","@id":"https:\/\/leinonen.eu\/est\/fi\/#website","url":"https:\/\/leinonen.eu\/est\/fi\/","name":"Leinonen Estonia","description":"","potentialAction":[{"@type":"SearchAction","target":{"@type":"EntryPoint","urlTemplate":"https:\/\/leinonen.eu\/est\/fi\/?s={search_term_string}"},"query-input":{"@type":"PropertyValueSpecification","valueRequired":true,"valueName":"search_term_string"}}],"inLanguage":"fi"},{"@type":"Person","@id":"https:\/\/leinonen.eu\/est\/fi\/#\/schema\/person\/47606459ebe19c44c856cfd02d7edb30","name":"tenpixls","image":{"@type":"ImageObject","inLanguage":"fi","@id":"https:\/\/leinonen.eu\/est\/fi\/#\/schema\/person\/image\/630377e78f0aa2e004e625e80339b1d6","url":"https:\/\/secure.gravatar.com\/avatar\/8c305e3e6e94688195d0c7606df9131727ef0ecf17b4b67e285d484ed59b5d4e?s=96&d=mm&r=g","contentUrl":"https:\/\/secure.gravatar.com\/avatar\/8c305e3e6e94688195d0c7606df9131727ef0ecf17b4b67e285d484ed59b5d4e?s=96&d=mm&r=g","caption":"tenpixls"},"sameAs":["https:\/\/leinonen.eu\/wp"],"url":"https:\/\/leinonen.eu\/est\/fi\/news\/author\/tenpixls\/"}]}},"_links":{"self":[{"href":"https:\/\/leinonen.eu\/est\/fi\/wp-json\/wp\/v2\/posts\/7305","targetHints":{"allow":["GET"]}}],"collection":[{"href":"https:\/\/leinonen.eu\/est\/fi\/wp-json\/wp\/v2\/posts"}],"about":[{"href":"https:\/\/leinonen.eu\/est\/fi\/wp-json\/wp\/v2\/types\/post"}],"author":[{"embeddable":true,"href":"https:\/\/leinonen.eu\/est\/fi\/wp-json\/wp\/v2\/users\/1"}],"replies":[{"embeddable":true,"href":"https:\/\/leinonen.eu\/est\/fi\/wp-json\/wp\/v2\/comments?post=7305"}],"version-history":[{"count":5,"href":"https:\/\/leinonen.eu\/est\/fi\/wp-json\/wp\/v2\/posts\/7305\/revisions"}],"predecessor-version":[{"id":9486,"href":"https:\/\/leinonen.eu\/est\/fi\/wp-json\/wp\/v2\/posts\/7305\/revisions\/9486"}],"wp:featuredmedia":[{"embeddable":true,"href":"https:\/\/leinonen.eu\/est\/fi\/wp-json\/wp\/v2\/media\/8727"}],"wp:attachment":[{"href":"https:\/\/leinonen.eu\/est\/fi\/wp-json\/wp\/v2\/media?parent=7305"}],"wp:term":[{"taxonomy":"category","embeddable":true,"href":"https:\/\/leinonen.eu\/est\/fi\/wp-json\/wp\/v2\/categories?post=7305"},{"taxonomy":"post_tag","embeddable":true,"href":"https:\/\/leinonen.eu\/est\/fi\/wp-json\/wp\/v2\/tags?post=7305"},{"taxonomy":"author","embeddable":true,"href":"https:\/\/leinonen.eu\/est\/fi\/wp-json\/wp\/v2\/coauthors?post=7305"}],"curies":[{"name":"wp","href":"https:\/\/api.w.org\/{rel}","templated":true}]}}