{"id":3305,"date":"2016-04-01T00:00:00","date_gmt":"2016-04-01T00:00:00","guid":{"rendered":"https:\/\/new.leinonen.eu\/fin\/veroilmoitusten-aika-alkaa-olla-kasilla\/"},"modified":"2016-04-01T00:00:00","modified_gmt":"2016-04-01T00:00:00","slug":"veroilmoitusten-aika-alkaa-olla-kasilla","status":"publish","type":"post","link":"https:\/\/leinonen.eu\/fin\/fi\/news\/veroilmoitusten-aika-alkaa-olla-kasilla\/","title":{"rendered":"Veroilmoitusten\naika alkaa olla k\u00e4sill\u00e4"},"content":{"rendered":"<div>\n<h3><b>Yhteis\u00f6n elinkeinotoiminnan verotus<\/b><\/h3>\n<p> <b><br \/><\/b><\/p>\n<p>Elinkeinotoimintaa harjoittavan yhteis\u00f6n on toimitettava elinkeinotoiminnan veroilmoitus tilinp\u00e4\u00e4t\u00f6ksen valmistuttua, nelj\u00e4n kuukauden sis\u00e4ll\u00e4 tilikauden p\u00e4\u00e4ttymisest\u00e4. Tilikauden p\u00e4\u00e4ttyess\u00e4 vuodenvaihteessa tilinp\u00e4\u00e4t\u00f6ksen, tilintarkastuksen, veroilmoituksen ja tilikauden verojen on oltava suoritettuina 2.5.2016 menness\u00e4. Veroilmoitus tehd\u00e4\u00e4n lomakkeella 6B.<\/p>\n<p>Ennen veroilmoituksen tekemist\u00e4 ja verojen suorittamista on hyv\u00e4 tarkistaa maksettujen ennakkoverojen m\u00e4\u00e4r\u00e4. Yhteis\u00f6 voi maksaa jo etuk\u00e4teen puuttuvat er\u00e4t ennakon t\u00e4ydennysmaksuna, tai hakea ennakkoveron alentamista, mik\u00e4 vuorostaan tapahtuu veroilmoituksen j\u00e4tt\u00e4misen yhteydess\u00e4.<\/p>\n<h3>Lis\u00e4ksi tarvitaan:<\/h3>\n<p>  <\/p>\n<ul>\n<li> <a href=\"https:\/\/www.vero.fi\/fi-FI\/Syventavat_veroohjeet\/Verohallinnon_ohjeet\/Siirtohinnoittelun_dokumentointi(10053)\">Selvitys siirtohinnoittelusta<\/a> <\/li>\n<li> <span>Selvitys osakaslainoista (osakaslainojen vuosi-ilmoitusten palautus tapahtui jo 24.2.)<\/span>\n<ul>\n<li> <span>Yhti\u00f6kokouksen p\u00e4\u00e4t\u00f6s voitonjaosta (jos jaetaan osinkoa tai ylij\u00e4\u00e4m\u00e4\u00e4)<\/span> <\/li>\n<li> <span>p\u00f6yt\u00e4kirjaa ei tarvitse liitt\u00e4\u00e4 veroilmoitukseen, jos tilinp\u00e4\u00e4t\u00f6s on jo vahvistettu ja tarvittavat tilinp\u00e4\u00e4t\u00f6kseen liittyv\u00e4t lomakkeet on jo l\u00e4hetetty (veroilmoituslomake 6B ja lomake 63)<\/span> <\/li>\n<\/ul>\n<\/li>\n<li> <span>Valmis tilinp\u00e4\u00e4t\u00f6s<\/span>\n<ul>\n<li> <span>suurin osa veroilmoituksen tiedoista johdetaan suoraan tilinp\u00e4\u00e4t\u00f6ksest\u00e4<\/span> <\/li>\n<li> <span>v\u00e4hennyskelpoiset kulut:<\/span>\n<ul>\n<li> <span>edustuskulut + v\u00e4hennyskelpoinen osuus<\/span> <\/li>\n<li> <span>my\u00f6nnetyt lahjoitukset + v\u00e4hennyskelpoinen osuus<\/span> <\/li>\n<li> <span>k\u00e4ytt\u00f6omaisuusosakkeiden luovutustappiot (lomakkeet 71A ja 71B) + v\u00e4hennyskelpoinen osuus<\/span> <\/li>\n<\/ul>\n<\/li>\n<li> <span>v\u00e4hennyskelvottomat kulut<\/span>\n<ul>\n<li> <span>v\u00e4litt\u00f6m\u00e4t verot<\/span> <\/li>\n<li> <span>veronkorotukset<\/span> <\/li>\n<li> <span>sakot<\/span> <\/li>\n<li> <span>k\u00e4ytt\u00f6omaisuusosakkeiden arvonalentumiset<\/span> <\/li>\n<li> <span>pakolliset varaukset<\/span> <\/li>\n<\/ul>\n<\/li>\n<li> <span>tulos \/ tappio tulol\u00e4hteitt\u00e4in<\/span>\n<ul>\n<li> <span>elinkeinotulol\u00e4hde<\/span> <\/li>\n<li> <span>henkil\u00f6kohtainen tulol\u00e4hde (mihin kuuluu esim. vuokratulot)<\/span> <\/li>\n<li> <span>maatalouden tulol\u00e4hde<\/span> <\/li>\n<\/ul>\n<\/li>\n<\/ul>\n<\/li>\n<\/ul>\n<p>Veroilmoitukseen tarvittavista liitteist\u00e4 l\u00f6ytyy<a href=\"https:\/\/www.vero.fi\/tietoa-verohallinnosta\/yhteystiedot-ja-asiointi\/lomakkeet\/kuvaus\/6b_elinkeinotoiminnan_veroilmoitus__yht\/\" target=\"_blank\" rel=\"noopener\"> lista ohjeineen Verohallinnon sivuilta.<\/a><\/p>\n<h3><b>Henkil\u00f6verotus<\/b><\/h3>\n<p> <b><br \/><\/b>  <\/p>\n<p>Esit\u00e4ytetty veroilmoitus olisi hyv\u00e4 aina tarkistaa perusteellisesti, sill\u00e4 veronmaksaja saattaa olla oikeutettu v\u00e4hennyksiin, joita ei ole huomioitu esit\u00e4ytetyss\u00e4 veroilmoituksessa. Verottaja suorittaa osan v\u00e4hennyksist\u00e4 viran puolesta, mutta osaa v\u00e4hennyksist\u00e4 on haettava itse. Kuitteja ei tarvitse Verohallinnon mukaan l\u00e4hett\u00e4\u00e4 v\u00e4hennyksist\u00e4 erikseen, mutta ne tulee s\u00e4ilytt\u00e4\u00e4 mahdollisia lis\u00e4selvityksi\u00e4 varten.<\/p>\n<h3>Viran puolesta teht\u00e4vi\u00e4 v\u00e4hennyksi\u00e4 ovat mm.:<\/h3>\n<p>  <\/p>\n<ul>\n<li> <span>Tuloshankkimisv\u00e4hennys 620 euroon asti<\/span> <\/li>\n<li> <span>Ansiotulov\u00e4hennys<\/span> <\/li>\n<li><span>El\u00e4ketulov\u00e4hennys<\/span><\/li>\n<\/ul>\n<p>                   <\/p>\n<h3>Itse haettavia v\u00e4hennyksi\u00e4 ovat mm.:<\/h3>\n<p> <\/p>\n<p><a href=\"https:\/\/www.vero.fi\/fi-FI\/Henkiloasiakkaat\/Matkakulut\"><b>Matkakulut<\/b><\/a><\/p>\n<ul>\n<li> <span>Matkakulujen v\u00e4hennykseen oikeuttavia matkoja voivat olla mm. <\/span><a href=\"https:\/\/www.vero.fi\/fi-FI\/Henkiloasiakkaat\/Matkakulut\/Asunnon_ja_tyopaikan_valiset_matkat(31733)\">asunnon ja ty\u00f6paikan v\u00e4liset matkat<\/a><span>, matkat <\/span><a href=\"https:\/\/www.vero.fi\/henkiloasiakkaat\/verokortti-ja-veroilmoitus\/tulot-ja-vahennykset\/matkakulut\/viikonloppumatkat_perheen_lu\/\" target=\"_blank\" rel=\"noopener\">viikonlopput\u00f6ihin<\/a><span>, matka <\/span><a href=\"https:\/\/www.vero.fi\/fi-FI\/Henkiloasiakkaat\/Matkakulut\/Matkat_toissijaiselle_tyopaikalle(31739)\">toissijaiselle ty\u00f6paikalle<\/a><span>, <\/span><a href=\"https:\/\/www.vero.fi\/fi-FI\/Henkiloasiakkaat\/Matkakulut\/Tyomatkat(31744)\">ty\u00f6matkat<\/a><span> sek\u00e4 matkat liittyen alaan, jolla <\/span><a href=\"https:\/\/www.vero.fi\/fi-FI\/Henkiloasiakkaat\/Matkakulut\/Erityisalojen_matkat(31738)\">ty\u00f6kohteet vaihtuvat useasti<\/a><span>.<\/span> <\/li>\n<li> <span>Matkakulujen omavastuusumma on 750 euroa vuodessa, ja asunnon ja ty\u00f6paikan v\u00e4lisi\u00e4 matkakuluja voi v\u00e4hent\u00e4\u00e4 verotuksessa enint\u00e4\u00e4n 7000 euroon saakka..<\/span> <\/li>\n<li><span>Jos matkav\u00e4hennysten perustana on muu kuin julkisella kulkuv\u00e4lineell\u00e4 tehty matka, veroilmoitukseen on merkitt\u00e4v\u00e4 matkojen ajankohta tai -jakso, k\u00e4ytetty kulkuneuvo, matkojen pituus koko vuodelta, kilometrikustannukset ja kulut vuodessa.<\/span><\/li>\n<\/ul>\n<p>      <\/p>\n<p><a href=\"https:\/\/www.vero.fi\/fi-FI\/Henkiloasiakkaat\/Kotitalousvahennys\"><b>Kotitalousv\u00e4hennys<\/b><\/a><b>\u00a0<\/b><\/p>\n<ul>\n<li>                   V\u00e4hennyst\u00e4 voi hakea 2400 euroon asti, ja v\u00e4hennyksen omavastuuosuus on 100 euroa. V\u00e4hennyksen edellytyksen\u00e4 on ty\u00f6n luonteen (kotitalous- tai hoitoty\u00f6, asunnon kunnossapitoty\u00f6 jne.) se, ett\u00e4 urakan suorittaja on ennakkoperint\u00e4rekisteriss\u00e4. V\u00e4hennyskelpoista on 45 % aronlis\u00e4verollisesta ty\u00f6st\u00e4, jolloin enimm\u00e4isv\u00e4hennyksen saa hy\u00f6dynnetty\u00e4 palvelusta, jonka ty\u00f6n osuus kustantaa yhteens\u00e4 n. 5 555 euroa.<\/li>\n<\/ul>\n<p><span><b>Tulonhankk<\/b><span id=\"selectionBoundary_1459507810137_3531062690063935\"><b><\/b><\/span><b>imisv\u00e4hennys 620 euroa ylitt\u00e4v\u00e4lt\u00e4 osalta<\/p>\n<p><\/b><\/span><\/p>\n<ul>\n<li> <span>T\u00e4h\u00e4n voi kuulua esim. hankittu ammattikirjallisuus sek\u00e4<\/span><b> <\/b><a href=\"https:\/\/www.vero.fi\/fi-FI\/Syventavat_veroohjeet\/Henkiloasiakkaan_tuloverotus\/Tyoasuntovahennys_verotuksessa(12940)\"><b>ty\u00f6asuntov\u00e4hennys<\/b><\/a><b> <\/b><span>(enint\u00e4\u00e4n 250 euroa kuukaudessa)<\/span> <\/li>\n<\/ul>\n<p><span>                   <\/p>\n<p><b>Tulonhankkimista varten otetun lainan korot<\/b><\/p>\n<ul>\n<li> <span>T\u00e4llainen laina voi olla esimerkiksi sijoitusasuntoa varten hankitun lainan korot. V\u00e4hennys tehd\u00e4\u00e4n p\u00e4\u00e4omatuloista.<\/span> <\/li>\n<\/ul>\n<p><\/span> <\/p>\n<p><b>Asuntolainan korot (65 % 2015)<\/b><\/p>\n<ul>\n<li> <span>V\u00e4hennys tehd\u00e4\u00e4n p\u00e4\u00e4omatuloista.<\/span> <\/li>\n<\/ul>\n<p>    <\/p>\n<p><b>Tulol\u00e4hteen tappio<\/b><\/p>\n<ul>\n<li> <span>Kussakin tulol\u00e4hteess\u00e4 syntynyt tappio (henkil\u00f6kohtainen, elinkeino ja maatalous) v\u00e4hennet\u00e4\u00e4n tulol\u00e4hteen sis\u00e4ll\u00e4<\/span><span>\u00a0<\/span> <\/li>\n<\/ul>\n<p>    <\/p>\n<p><a href=\"https:\/\/www.vero.fi\/fi-FI\/Henkiloasiakkaat\/Velat_ja_korot\/Alijaamahyvitys(9237)\"><b>Alij\u00e4\u00e4m\u00e4hyvitys<\/b><\/a><\/p>\n<ul>\n<li> <span>Jos p\u00e4\u00e4omatuloja ei ole, ja p\u00e4\u00e4omatulot j\u00e4\u00e4v\u00e4t tappiollisiksi, tappiosta voi v\u00e4hent\u00e4\u00e4 30 % ns. alij\u00e4\u00e4m\u00e4hyvityksen\u00e4 ansiotuloverotuksen puolella. Hyvitys on enint\u00e4\u00e4n 1400 euroa, mutta siihen voi hakea lapsikorotusta 400 euroa lasta kohden, korkeintaan kuitenkin 800 euroa.<\/span> <\/li>\n<\/ul>\n<p>  <\/p>\n<p><a href=\"https:\/\/www.vero.fi\/fi-FI\/Syventavat_veroohjeet\/Henkiloasiakkaan_tuloverotus\/Paaomatuloksi_luettava_osakaslaina(15655)\"><b>Takaisinmaksetut osakaslainat<\/b><\/a><\/p>\n<ul>\n<li> <span>Takaisinmaksetut er\u00e4t osakaslainasta ovat v\u00e4hennyskelpoisia p\u00e4\u00e4omatulojen puolella, edellytt\u00e4en, ett\u00e4 maksut on suoritettu viiden vuoden sis\u00e4ll\u00e4 osakaslainan nostamisesta.<\/span> <\/li>\n<\/ul>\n<p><\/p>\n<p><\/p>\n<\/p><\/div>\n","protected":false},"excerpt":{"rendered":"<p>Yhteis\u00f6n elinkeinotoiminnan verotus Elinkeinotoimintaa harjoittavan yhteis\u00f6n on toimitettava elinkeinotoiminnan veroilmoitus tilinp\u00e4\u00e4t\u00f6ksen valmistuttua, nelj\u00e4n kuukauden sis\u00e4ll\u00e4 tilikauden p\u00e4\u00e4ttymisest\u00e4. Tilikauden p\u00e4\u00e4ttyess\u00e4 vuodenvaihteessa tilinp\u00e4\u00e4t\u00f6ksen, tilintarkastuksen, veroilmoituksen ja tilikauden verojen on oltava suoritettuina 2.5.2016 menness\u00e4. Veroilmoitus tehd\u00e4\u00e4n lomakkeella 6B. Ennen veroilmoituksen tekemist\u00e4 ja verojen suorittamista on hyv\u00e4 tarkistaa maksettujen ennakkoverojen m\u00e4\u00e4r\u00e4. Yhteis\u00f6 voi maksaa jo etuk\u00e4teen puuttuvat er\u00e4t ennakon [&hellip;]<\/p>\n","protected":false},"author":27,"featured_media":0,"comment_status":"open","ping_status":"open","sticky":false,"template":"","format":"standard","meta":{"_acf_changed":false,"inline_featured_image":false,"footnotes":""},"categories":[1],"tags":[],"coauthors":[113],"class_list":["post-3305","post","type-post","status-publish","format-standard","hentry","category-uncategorized"],"acf":[],"yoast_head":"<!-- This site is optimized with the Yoast SEO plugin v25.5 - https:\/\/yoast.com\/wordpress\/plugins\/seo\/ -->\n<title>Veroilmoitusten aika alkaa olla k\u00e4sill\u00e4 &#8211; Leinonen Finland<\/title>\n<meta name=\"robots\" content=\"index, follow, max-snippet:-1, max-image-preview:large, max-video-preview:-1\" \/>\n<link rel=\"canonical\" href=\"https:\/\/leinonen.eu\/fin\/fi\/news\/veroilmoitusten-aika-alkaa-olla-kasilla\/\" \/>\n<meta property=\"og:locale\" content=\"fi_FI\" \/>\n<meta property=\"og:type\" content=\"article\" \/>\n<meta property=\"og:title\" content=\"Veroilmoitusten aika alkaa olla k\u00e4sill\u00e4 &#8211; Leinonen Finland\" \/>\n<meta property=\"og:description\" content=\"Yhteis\u00f6n elinkeinotoiminnan verotus Elinkeinotoimintaa harjoittavan yhteis\u00f6n on toimitettava elinkeinotoiminnan veroilmoitus tilinp\u00e4\u00e4t\u00f6ksen valmistuttua, nelj\u00e4n kuukauden sis\u00e4ll\u00e4 tilikauden p\u00e4\u00e4ttymisest\u00e4. Tilikauden p\u00e4\u00e4ttyess\u00e4 vuodenvaihteessa tilinp\u00e4\u00e4t\u00f6ksen, tilintarkastuksen, veroilmoituksen ja tilikauden verojen on oltava suoritettuina 2.5.2016 menness\u00e4. Veroilmoitus tehd\u00e4\u00e4n lomakkeella 6B. Ennen veroilmoituksen tekemist\u00e4 ja verojen suorittamista on hyv\u00e4 tarkistaa maksettujen ennakkoverojen m\u00e4\u00e4r\u00e4. Yhteis\u00f6 voi maksaa jo etuk\u00e4teen puuttuvat er\u00e4t ennakon [&hellip;]\" \/>\n<meta property=\"og:url\" content=\"https:\/\/leinonen.eu\/fin\/fi\/news\/veroilmoitusten-aika-alkaa-olla-kasilla\/\" \/>\n<meta property=\"og:site_name\" content=\"Leinonen Finland\" \/>\n<meta property=\"article:published_time\" content=\"2016-04-01T00:00:00+00:00\" \/>\n<meta name=\"author\" content=\"Leinonen Finland\" \/>\n<meta name=\"twitter:card\" content=\"summary_large_image\" \/>\n<meta name=\"twitter:creator\" content=\"@leinonengroup\" \/>\n<meta name=\"twitter:site\" content=\"@leinonengroup\" \/>\n<meta name=\"twitter:label1\" content=\"Kirjoittanut\" \/>\n\t<meta name=\"twitter:data1\" content=\"Leinonen Finland\" \/>\n\t<meta name=\"twitter:label2\" content=\"Arvioitu lukuaika\" \/>\n\t<meta name=\"twitter:data2\" content=\"3 minuuttia\" \/>\n\t<meta name=\"twitter:label3\" content=\"Written by\" \/>\n\t<meta name=\"twitter:data3\" content=\"Leinonen Finland\" \/>\n<script type=\"application\/ld+json\" class=\"yoast-schema-graph\">{\"@context\":\"https:\/\/schema.org\",\"@graph\":[{\"@type\":\"WebPage\",\"@id\":\"https:\/\/leinonen.eu\/fin\/fi\/news\/veroilmoitusten-aika-alkaa-olla-kasilla\/\",\"url\":\"https:\/\/leinonen.eu\/fin\/fi\/news\/veroilmoitusten-aika-alkaa-olla-kasilla\/\",\"name\":\"Veroilmoitusten aika alkaa olla k\u00e4sill\u00e4 &#8211; Leinonen Finland\",\"isPartOf\":{\"@id\":\"https:\/\/leinonen.eu\/fin\/fi\/#website\"},\"datePublished\":\"2016-04-01T00:00:00+00:00\",\"author\":{\"@id\":\"https:\/\/leinonen.eu\/fin\/fi\/#\/schema\/person\/662c1014a173ac80316115b788d23054\"},\"breadcrumb\":{\"@id\":\"https:\/\/leinonen.eu\/fin\/fi\/news\/veroilmoitusten-aika-alkaa-olla-kasilla\/#breadcrumb\"},\"inLanguage\":\"fi\",\"potentialAction\":[{\"@type\":\"ReadAction\",\"target\":[\"https:\/\/leinonen.eu\/fin\/fi\/news\/veroilmoitusten-aika-alkaa-olla-kasilla\/\"]}]},{\"@type\":\"BreadcrumbList\",\"@id\":\"https:\/\/leinonen.eu\/fin\/fi\/news\/veroilmoitusten-aika-alkaa-olla-kasilla\/#breadcrumb\",\"itemListElement\":[{\"@type\":\"ListItem\",\"position\":1,\"name\":\"Home\",\"item\":\"https:\/\/leinonen.eu\/fin\/fi\/\"},{\"@type\":\"ListItem\",\"position\":2,\"name\":\"Veroilmoitusten aika alkaa olla k\u00e4sill\u00e4\"}]},{\"@type\":\"WebSite\",\"@id\":\"https:\/\/leinonen.eu\/fin\/fi\/#website\",\"url\":\"https:\/\/leinonen.eu\/fin\/fi\/\",\"name\":\"Leinonen Finland\",\"description\":\"\",\"potentialAction\":[{\"@type\":\"SearchAction\",\"target\":{\"@type\":\"EntryPoint\",\"urlTemplate\":\"https:\/\/leinonen.eu\/fin\/fi\/?s={search_term_string}\"},\"query-input\":{\"@type\":\"PropertyValueSpecification\",\"valueRequired\":true,\"valueName\":\"search_term_string\"}}],\"inLanguage\":\"fi\"},{\"@type\":\"Person\",\"@id\":\"https:\/\/leinonen.eu\/fin\/fi\/#\/schema\/person\/662c1014a173ac80316115b788d23054\",\"name\":\"Leinonen Finland\",\"image\":{\"@type\":\"ImageObject\",\"inLanguage\":\"fi\",\"@id\":\"https:\/\/leinonen.eu\/fin\/fi\/#\/schema\/person\/image\/9a137fd2ee15c7d4e2eae14de5818619\",\"url\":\"https:\/\/leinonen.eu\/app\/uploads\/sites\/12\/2025\/01\/avatar_user_27_1736778107-96x96.png\",\"contentUrl\":\"https:\/\/leinonen.eu\/app\/uploads\/sites\/12\/2025\/01\/avatar_user_27_1736778107-96x96.png\",\"caption\":\"Leinonen Finland\"},\"url\":\"https:\/\/leinonen.eu\/fin\/fi\/news\/author\/leinonen-finland\/\"}]}<\/script>\n<!-- \/ Yoast SEO plugin. -->","yoast_head_json":{"title":"Veroilmoitusten aika alkaa olla k\u00e4sill\u00e4 &#8211; Leinonen Finland","robots":{"index":"index","follow":"follow","max-snippet":"max-snippet:-1","max-image-preview":"max-image-preview:large","max-video-preview":"max-video-preview:-1"},"canonical":"https:\/\/leinonen.eu\/fin\/fi\/news\/veroilmoitusten-aika-alkaa-olla-kasilla\/","og_locale":"fi_FI","og_type":"article","og_title":"Veroilmoitusten aika alkaa olla k\u00e4sill\u00e4 &#8211; Leinonen Finland","og_description":"Yhteis\u00f6n elinkeinotoiminnan verotus Elinkeinotoimintaa harjoittavan yhteis\u00f6n on toimitettava elinkeinotoiminnan veroilmoitus tilinp\u00e4\u00e4t\u00f6ksen valmistuttua, nelj\u00e4n kuukauden sis\u00e4ll\u00e4 tilikauden p\u00e4\u00e4ttymisest\u00e4. Tilikauden p\u00e4\u00e4ttyess\u00e4 vuodenvaihteessa tilinp\u00e4\u00e4t\u00f6ksen, tilintarkastuksen, veroilmoituksen ja tilikauden verojen on oltava suoritettuina 2.5.2016 menness\u00e4. Veroilmoitus tehd\u00e4\u00e4n lomakkeella 6B. Ennen veroilmoituksen tekemist\u00e4 ja verojen suorittamista on hyv\u00e4 tarkistaa maksettujen ennakkoverojen m\u00e4\u00e4r\u00e4. Yhteis\u00f6 voi maksaa jo etuk\u00e4teen puuttuvat er\u00e4t ennakon [&hellip;]","og_url":"https:\/\/leinonen.eu\/fin\/fi\/news\/veroilmoitusten-aika-alkaa-olla-kasilla\/","og_site_name":"Leinonen Finland","article_published_time":"2016-04-01T00:00:00+00:00","author":"Leinonen Finland","twitter_card":"summary_large_image","twitter_creator":"@leinonengroup","twitter_site":"@leinonengroup","twitter_misc":{"Kirjoittanut":"Leinonen Finland","Arvioitu lukuaika":"3 minuuttia","Written by":"Leinonen Finland"},"schema":{"@context":"https:\/\/schema.org","@graph":[{"@type":"WebPage","@id":"https:\/\/leinonen.eu\/fin\/fi\/news\/veroilmoitusten-aika-alkaa-olla-kasilla\/","url":"https:\/\/leinonen.eu\/fin\/fi\/news\/veroilmoitusten-aika-alkaa-olla-kasilla\/","name":"Veroilmoitusten aika alkaa olla k\u00e4sill\u00e4 &#8211; Leinonen Finland","isPartOf":{"@id":"https:\/\/leinonen.eu\/fin\/fi\/#website"},"datePublished":"2016-04-01T00:00:00+00:00","author":{"@id":"https:\/\/leinonen.eu\/fin\/fi\/#\/schema\/person\/662c1014a173ac80316115b788d23054"},"breadcrumb":{"@id":"https:\/\/leinonen.eu\/fin\/fi\/news\/veroilmoitusten-aika-alkaa-olla-kasilla\/#breadcrumb"},"inLanguage":"fi","potentialAction":[{"@type":"ReadAction","target":["https:\/\/leinonen.eu\/fin\/fi\/news\/veroilmoitusten-aika-alkaa-olla-kasilla\/"]}]},{"@type":"BreadcrumbList","@id":"https:\/\/leinonen.eu\/fin\/fi\/news\/veroilmoitusten-aika-alkaa-olla-kasilla\/#breadcrumb","itemListElement":[{"@type":"ListItem","position":1,"name":"Home","item":"https:\/\/leinonen.eu\/fin\/fi\/"},{"@type":"ListItem","position":2,"name":"Veroilmoitusten aika alkaa olla k\u00e4sill\u00e4"}]},{"@type":"WebSite","@id":"https:\/\/leinonen.eu\/fin\/fi\/#website","url":"https:\/\/leinonen.eu\/fin\/fi\/","name":"Leinonen Finland","description":"","potentialAction":[{"@type":"SearchAction","target":{"@type":"EntryPoint","urlTemplate":"https:\/\/leinonen.eu\/fin\/fi\/?s={search_term_string}"},"query-input":{"@type":"PropertyValueSpecification","valueRequired":true,"valueName":"search_term_string"}}],"inLanguage":"fi"},{"@type":"Person","@id":"https:\/\/leinonen.eu\/fin\/fi\/#\/schema\/person\/662c1014a173ac80316115b788d23054","name":"Leinonen Finland","image":{"@type":"ImageObject","inLanguage":"fi","@id":"https:\/\/leinonen.eu\/fin\/fi\/#\/schema\/person\/image\/9a137fd2ee15c7d4e2eae14de5818619","url":"https:\/\/leinonen.eu\/app\/uploads\/sites\/12\/2025\/01\/avatar_user_27_1736778107-96x96.png","contentUrl":"https:\/\/leinonen.eu\/app\/uploads\/sites\/12\/2025\/01\/avatar_user_27_1736778107-96x96.png","caption":"Leinonen Finland"},"url":"https:\/\/leinonen.eu\/fin\/fi\/news\/author\/leinonen-finland\/"}]}},"_links":{"self":[{"href":"https:\/\/leinonen.eu\/fin\/fi\/wp-json\/wp\/v2\/posts\/3305","targetHints":{"allow":["GET"]}}],"collection":[{"href":"https:\/\/leinonen.eu\/fin\/fi\/wp-json\/wp\/v2\/posts"}],"about":[{"href":"https:\/\/leinonen.eu\/fin\/fi\/wp-json\/wp\/v2\/types\/post"}],"author":[{"embeddable":true,"href":"https:\/\/leinonen.eu\/fin\/fi\/wp-json\/wp\/v2\/users\/27"}],"replies":[{"embeddable":true,"href":"https:\/\/leinonen.eu\/fin\/fi\/wp-json\/wp\/v2\/comments?post=3305"}],"version-history":[{"count":0,"href":"https:\/\/leinonen.eu\/fin\/fi\/wp-json\/wp\/v2\/posts\/3305\/revisions"}],"wp:attachment":[{"href":"https:\/\/leinonen.eu\/fin\/fi\/wp-json\/wp\/v2\/media?parent=3305"}],"wp:term":[{"taxonomy":"category","embeddable":true,"href":"https:\/\/leinonen.eu\/fin\/fi\/wp-json\/wp\/v2\/categories?post=3305"},{"taxonomy":"post_tag","embeddable":true,"href":"https:\/\/leinonen.eu\/fin\/fi\/wp-json\/wp\/v2\/tags?post=3305"},{"taxonomy":"author","embeddable":true,"href":"https:\/\/leinonen.eu\/fin\/fi\/wp-json\/wp\/v2\/coauthors?post=3305"}],"curies":[{"name":"wp","href":"https:\/\/api.w.org\/{rel}","templated":true}]}}