{"id":3415,"date":"2021-03-24T00:00:00","date_gmt":"2021-03-24T00:00:00","guid":{"rendered":"https:\/\/new.leinonen.eu\/ltu\/mokesci-pokyciai-susije-su-brexit\/"},"modified":"2021-03-24T00:00:00","modified_gmt":"2021-03-24T00:00:00","slug":"mokesci-pokyciai-susije-su-brexit","status":"publish","type":"post","link":"https:\/\/leinonen.eu\/ltu\/lt\/news\/mokesci-pokyciai-susije-su-brexit\/","title":{"rendered":"Mokes\u010di\u0173 poky\u010diai susij\u0119 su Brexit"},"content":{"rendered":"<div>\n<p>Norime informuoti, kad 2021 m. sausio 1 d. baig\u0117si pereinamasis laikotarpis ir Jungtin\u0117 Karalyst\u0117 i\u0161stojo i\u0161 ES muit\u0173 bei PVM zonos ir ES valstybi\u0173 nari\u0173 at\u017evilgiu tapo tre\u010di\u0105ja valstybe.<\/p>\n<p><b><span>Preki\u0173 tiekimas<\/span><\/b><\/p>\n<p>Nuo \u0161iol parduodant prekes \u012fmon\u0117ms Jungtin\u0117je Karalyst\u0117je vietoje taikyto PVM\u012e 49 straipsnio (preki\u0173 tiekimas \u012f kit\u0105 ES valstyb\u0119 nar\u0119) tur\u0117s b\u016bti taikomas PVM\u012e 41 straipsnis (eksportas). Perkant prekes i\u0161 Jungtin\u0117s Karalyst\u0117s \u012fmoni\u0173, \u0161ioms prek\u0117ms Lietuvoje taikoma importo proced\u016bra ir jos apmokestinamos importo PVM.<\/p>\n<p><b><span>Specialus statusas \u0160iaur\u0117s Airijai<\/span><\/b><\/p>\n<p>Kitaip nei Jungtin\u0117 Karalyst\u0117, \u0160iaur\u0117s Airija laikinai (ketverius metus) \u012fgyjo special\u0173 status\u0105: <u>tik preki\u0173 tiekimo sandoriuose \u0160iaur\u0117s Airija laikoma ES valstybe.<\/u> \u0160iaur\u0117s Airijos \u012fmon\u0117s tur\u0117t\u0173 gauti speciali\u0173 ES PVM kod\u0105 su prefiksu \u201eXI\u201c.<\/p>\n<p>Tod\u0117l parduodant prekes \u012fmon\u0117ms \u0160iaur\u0117s Airijoje galima taikyti PVM\u012e 49 straipsn\u012f (preki\u0173 tiekimas \u012f kit\u0105 ES valstyb\u0119 nar\u0119). Perkant prekes i\u0161 \u0160iaur\u0117s Airijos, tokiems sandoriams Lietuvoje n\u0117ra taikomos importo proced\u016bros. Ta\u010diau norime atkreipti d\u0117mes\u012f \u012f tai, jog \u0161is specialus statusas taikomas tik prieki\u0173 tiekimo sandoriams, nes paslaug\u0173 teikimo sandoriuose \u0160iaur\u0117s Airija traktuojama kaip tre\u010dioji valstyb\u0117.<\/p>\n<p><b><span>Nuotolin\u0117 prekyba Jungtin\u0117je Karalyst\u0117je<\/span><\/b><\/p>\n<p>Nuo 2021 m. sausio 1 d. Jungtin\u0117 Karalyst\u0117 (i\u0161skyrus \u0160iaur\u0117s Airij\u0105) nustojo taikyti ES nuotolin\u0117s prekybos PVM schem\u0105. Kitaip tariant, visos Jungtin\u0117s Karalyst\u0117s fiziams asmenims tiekiamos ir \u012f Jungtin\u0119 Karalyst\u0119 importuojamos prek\u0117s bus apmokestinamos vietiniu PVM.<\/p>\n<p>Nuo 2021 m. sausio 1 d. Jungtin\u0117 Karalyst\u0117 panaikino i\u0161 tre\u010di\u0173j\u0173 \u0161ali\u0173 \u012fve\u017eam\u0173 nedidel\u0117s vert\u0117s siunt\u0173 (15\u00a3) PVM lengvat\u0105.<\/p>\n<p>Taip pat, nuo 2021 m. sausio 1 d. \u012f Jungtin\u0119 Karalyst\u0119 importuojamos siuntos, kuri\u0173 vert\u0117 nevir\u0161ija 135\u00a3, apmokestinamos PVM ne preki\u0173 importavimo, bet preki\u0173 tiekimo momentu. Prievol\u0117 apskai\u010diuoti, deklaruoti ir sumok\u0117ti PVM tenka arba preki\u0173 tiek\u0117jui, arba internetinei platformai, per kuri\u0105 prek\u0117s tiekiamos Jungtin\u0117s Karalyst\u0117s fiziniams asmenims.<\/p>\n<p>\u00a0<\/p>\n<p><b><span>Trikamp\u0117 prekyba<\/span><\/b><b><span>\u00a0<\/span><\/b><\/p>\n<p>Norime informuoti, kad nuo 2021 m. sausio 1 d. d\u0117l Jungtin\u0117s Karalyst\u0117s pasitraukimo i\u0161 ES, nebetaikoma trikamp\u0117s prekybos schema, jei viena i\u0161 min\u0117tos prekybos schemos \u0161ali\u0173 yra \u012fmon\u0117, registruota PVM tikslais Jungtin\u0117je Karalyst\u0117je. Atkreipiame d\u0117mes\u012f, jog trikamp\u0117s prekybos schema taikoma tik tarp ES valstyb\u0117se nar\u0117se PVM registruot\u0173 \u012fmoni\u0173. Taip pat, trikamp\u0117s prekybos schema taikoma su \u0160iaur\u0117s Airijoje PVM registruotomis \u012fmon\u0117mis d\u0117l jos specialaus statuso.<\/p>\n<p><b><span>Paslaugos<\/span><\/b><\/p>\n<p>Nuo 2021 m. sausio 1 d. Jungtin\u0117 Karalyst\u0117, \u012fskaitant \u0160iaur\u0117s Airij\u0105, nebetaiko ES PVM r\u0117\u017eimo paslaugoms. \u00a0Tod\u0117l \u012fmon\u0117s, teikian\u010dios paslaugas Jungtin\u0117s Karalyst\u0117s juridiniams ir fiziniams asmenims, tur\u0117t\u0173 \u012fvertinti, ar joms nekyla prievol\u0117 registruotis PVM tikslais Jungtin\u0117je Karalyst\u0117je ir mok\u0117ti vietin\u012f PVM. Taip pat, reik\u0117t\u0173 pa\u017eymeti, kad po min\u0117t\u0173 poky\u010di\u0173 tam tikros r\u016b\u0161ies paslaugos gali b\u016bti laikomos PVM neapmokestinamomis.<\/p>\n<p><b><span>Prievol\u0117 skirti fiskalin\u012f agent\u0105<\/span><\/b><\/p>\n<p>Valstybin\u0117 mokes\u010di\u0173 inspekcija informuoja, kad Jungtin\u0117s Karalyst\u0117s \u012fmon\u0117s, registruotos PVM mok\u0117tojomis Lietuvoje, neprivalo paskirti fiskalinio agento, kad b\u016bt\u0173 registruotos PVM tikslais Lietuvoje, jeigu \u012fsigalios Europos S\u0105jungos bei Europos atomin\u0117s energijos bendrijos ir Jungtin\u0117s Did\u017eiosios Britanijos ir \u0160iaur\u0117s Airijos Karalyst\u0117s prekybos ir bendradarbiavimo susitarimas, kuris u\u017etikrins administracin\u012f bendradarbiavim\u0105 ir i\u0161ie\u0161kojim\u0105 PVM srityje. <\/p>\n<p>Kol min\u0117tas susitarimas n\u0117ra pasira\u0161ytas, pa\u017eym\u0117tina, kad Lietuvoje n\u0117ra prievol\u0117s skirti fiskalin\u012f agent\u0105 d\u0117l Europos Komisijos paskelbtos informacijos pagal, kuri\u0105 \u0161iuo metu yra laikinas min\u0117to susitarimo nuostat\u0173 taikymas (Valstybin\u0117 mokes\u010di\u0173 inspekcija dar neturi informacijos apie min\u0117to susitarimo pasira\u0161ym\u0105). Ta\u010diau jei prekybos ir bendradarbiavimo susitarimas nebus pasira\u0161ytas, Jungtin\u0117s Karalyst\u0117s \u012fmon\u0117ms atsiras prievol\u0117 paskirti fiskalin\u012f agent\u0105, kad b\u016bt\u0173 registruotos PVM tikslais Lietuvoje.<\/p>\n<p><b><span>PVM gr\u0105\u017einimas<\/span><\/b><\/p>\n<p>Nuo 2021 m. sausio 1 d. Lietuvos \u012fmon\u0117s prarado galimyb\u0119 gr\u0105\u017einti PVM i\u0161 Jungtin\u0117s Karalyst\u0117s (i\u0161skyrus \u0160iaur\u0117s Airij\u0105) per EPRIS sistem\u0105. Taip pat, atkreipiame d\u0117mes\u012f, kad \u0161iuo metu kitos PVM gr\u0105\u017einimo proced\u016bros i\u0161 Jungtin\u0117s Karalyst\u0117s (i\u0161skyrus \u0160iaur\u0117s Airij\u0105) n\u0117ra ai\u0161kios.<\/p>\n<p>                   <\/p>\n<p><b><span>Brexit \u012ftaka tiesioginiams mokes\u010diams<\/span><\/b><\/p>\n<p>Valstybin\u0117 mokes\u010di\u0173 inspekcija informuoja, kad Seimas pri\u0117m\u0117 Lietuvos Respublikos pelno mokes\u010dio \u012fstatymo (straipnis 59-1), Lietuvos Respublikos gyventoj\u0173 pajam\u0173 mokes\u010dio \u012fstatymo (straipsnis 40), Lietuvos Respublikos rinkliav\u0173 \u012fstatymo (straipsniai 6 ir 19) ir Lietuvos Respublikos labdaros ir paramos \u012fstatymo (straipsnis 15) pataisas, kuriomis siekiama suma\u017einti neigiam\u0105 poveik\u012f Lietuvos pilie\u010diams ir verslo subjektams, Lietuvoje gyvenantiems Jungtin\u0117s Karalyst\u0117s pilie\u010diams ir veikl\u0105 vykdantiems Jungtin\u0117s Karalyst\u0117s subjektams, Jungtinei Karalystei i\u0161stojus i\u0161 Europos S\u0105jungos, u\u017etikrinant mokestin\u0117s aplinkos t\u0119stinum\u0105.<b><\/b><\/p>\n<p><\/p>\n<p>Min\u0117tais poky\u010diais \u012ftvirtinama, kad Jungtinei Karalystei i\u0161stojus i\u0161 ES, pereinamuoju 2 met\u0173 laikotarpiu t\u0119siamas nuostat\u0173 taikymas Jungtinei Karalystei tokia pa\u010dia apimtimi, kaip ir ES valstyb\u0117ms nar\u0117ms, t.y. 2 met\u0173 laikotarpiu (nuo 2020 m. vasario 1 d. iki 2022 m. sausio 31 d.) visos ES valstyb\u0117ms nar\u0117ms taikomos i\u0161imtys ir lengvatos galioja tokia pa\u010dia apimtimi. <\/p>\n<p>Min\u0117ti poky\u010diai apima:<\/p>\n<p>\u00b7Lietuvos Respublikos pelno mokes\u010dio \u012fstatymas papildytas nauju 59-1 straipsniu, kuris nustato, kad nuo Jungtin\u0117s Karalyst\u0117s i\u0161stojimo i\u0161 ES dienos, pereinamuoju dvej\u0173 met\u0173 laikotarpiu bus t\u0119siamas pelno mokes\u010dio \u012fstatymo nuostat\u0173 taikymas Jungtinei Karalystei tokia pa\u010dia apimtimi, kaip ir ES valstyb\u0117ms nar\u0117ms (pavyzd\u017eiui, i\u0161 Jungtin\u0117s Karalyst\u0117s gauti dividendai bus neapmokestinami pelno mokes\u010diu, net ir tuo atveju, kai n\u0117ra tenkinamos dalyvavimo i\u0161imties taisykl\u0117s s\u0105lygos (valdoma ma\u017eiau kaip 10 proc. akcij\u0173), \u012fmoni\u0173 reorganizavimo apmokestinimo i\u0161imtis, bus taikoma ir Jungtin\u0117s Karalyst\u0117s rezidentams mokes\u010di\u0173 tikslais, bus leid\u017eiama Lietuvoje veikiantiems apmokestinamiesiems vienetams, i\u0161 Jungtin\u0117s Karalyst\u0117s rezident\u0173 mokes\u010di\u0173 tikslais perimtais mokestiniais nuostoliais susima\u017einti apmokestinam\u0105j\u012f peln\u0105).<\/p>\n<p>\u00b7Lietuvos Respublikos gyventoj\u0173 pajam\u0173 mokes\u010dio \u012fstatymas papildytas nauju 40 straipsniu, kuris nustato, kad nuo Jungtin\u0117s Karalyst\u0117s i\u0161stojimo i\u0161 ES dienos, pereinamuoju dvej\u0173 met\u0173 laikotarpiu, bus t\u0119siamas gyventoj\u0173 pajam\u0173 mokes\u010dio \u012fstatymo nuostat\u0173 taikymas Jungtinei Karalystei tokia pa\u010dia apimtimi, kaip ir ES valstyb\u0117ms nar\u0117ms ir neapmokestinamosiomis pajamomis bus laikomos:<\/p>\n<p>-nurodytas s\u0105lygas atitinkan\u010dio Jungtin\u0117je Karalyst\u0117je esan\u010dio nekilnojamojo turto ar Jungtin\u0117je Karalyst\u0117je registruoto kilnojamojo turto pardavimo pajamos;<\/p>\n<p>-nustatytas s\u0105lygas atitinkan\u010dios pal\u016bkan\u0173 pajamos;<\/p>\n<p>-loterij\u0173 laim\u0117jim\u0173 pajamos, jeigu jas i\u0161moka Jungtin\u0117s Karalyst\u0117s vienetai, kurie \u0161ios valstyb\u0117s teis\u0117s akt\u0173 nustatyta tvarka moka mokest\u012f nuo loterij\u0173 apyvartos; \u00a0<\/p>\n<p>-nustatytas s\u0105lygas atitinkan\u010dios darbuotoj\u0173 naudai mokamas gyvyb\u0117s draudimo, privalomojo sveikatos draudimo bei pensij\u0173 \u012fmokas \u012f fondus, \u012fsteigtus Jungtin\u0117je Karalyst\u0117je ir kt. <\/p>\n<p><\/p>\n<p>Norime informuoti, kad pagal min\u0117tus poky\u010dius nuolatinis Lietuvos gyventojas ta pa\u010dia apimtimi, kuri yra taikoma ES valstyb\u0117ms nar\u0117ms savo apmokestinam\u0105sias pajamas gal\u0117s suma\u017einti nustatytas s\u0105lygas atitinkan\u010diomis gyvyb\u0117s draudimo \u012fmokomis, kai \u012fmok\u0173 gav\u0117jas yra vienetas, \u012fsteigtas Jungtin\u0117je Karalyst\u0117je, nustatytas s\u0105lygas atitinkan\u010diomis pensij\u0173 \u012fmokomis \u012f pensij\u0173 fondus, veikian\u010dius Jungtin\u0117je Karalyst\u0117je.<\/p>\n<p>Taip pat, norime pa\u017eym\u0117ti, jog kad Jungtin\u0117s Karalyst\u0117s i\u0161stojimas i\u0161 ES dvigubo pajam\u0173 apmokestinimo naikinimui \u012ftakos netur\u0117t\u0173.<\/p>\n<p>\u00b7Lietuvos Respublikos rinkliav\u0173 \u012fstatymo 6 straipsnis papildytas 30 punktu, taip pat \u0161is \u012fstatymas papildytas 19 straipsniu, kurie nustato, kad kad nuo Jungtin\u0117s Karalyst\u0117s i\u0161stojimo i\u0161 ES dienos, pereinamuoju dvej\u0173 met\u0173 laikotarpiu valstyb\u0117s rinkliava nebus imama u\u017e \u0161ias proced\u016bras:<\/p>\n<p>-u\u017e dokument\u0173 d\u0117l leidimo gyventi Lietuvos Respublikoje i\u0161davimo tvarkym\u0105 ;<\/p>\n<p>-leidimo gyventi Lietuvos Respublikoje i\u0161davim\u0105 Jungtin\u0117s Karalyst\u0117s pilie\u010diams ir j\u0173 \u0161eimos nariams;<\/p>\n<p>-viz\u0173 i\u0161davim\u0105 Jungtin\u0117s Karalyst\u0117s pilie\u010dio \u0161eimos nariams, kurie yra tre\u010di\u0173j\u0173 \u0161ali\u0173 pilie\u010diai;<\/p>\n<p>-profesin\u0117s kvalifikacijos pripa\u017einim\u0105 asmenims, kvalifikacij\u0105 \u012fgijusiems Jungtin\u0117je Karalyst\u0117je ir kt.<\/p>\n<p>\u00b7 Lietuvos Respublikos labdaros ir paramos \u012fstatymo papildytas nauju 15 straipsniu, kuris nustato, kad nuo Jungtin\u0117s Karalyst\u0117s i\u0161stojimo i\u0161 ES dienos, pereinamuoju dvej\u0173 met\u0173 laikotarpiu parama pripa\u017e\u012fstama ir tais atvejais, kai ji bus teikiama Jungtin\u0117je Karalyst\u0117je \u012fsteigtiems juridiniams asmenims ar kitoms organizacijoms, kuri\u0173 veiklos tikslas n\u0117ra pelno siekimas, o gautas pelnas negali b\u016bti skiriamas j\u0173 dalyviams.<\/p>\n<p>Jeigu turite papildom\u0173 klausim\u0173, maloniai pra\u0161ome kreiptis \u012f Leinonen mokes\u010di\u0173 komand\u0105. M\u016bs\u0173 komanda su malonumu suteiks detalesn\u0119 informacij\u0105 apie auk\u0161\u010diau min\u0117tus poky\u010dius.<\/p>\n<p>Auk\u0161\u010diau i\u0161d\u0117styta informacija yra paruo\u0161ta Leinonen mokes\u010di\u0173 komandos.<\/p>\n<p> <\/div>\n","protected":false},"excerpt":{"rendered":"<p>Norime informuoti, kad 2021 m. sausio 1 d. baig\u0117si pereinamasis laikotarpis ir Jungtin\u0117 Karalyst\u0117 i\u0161stojo i\u0161 ES muit\u0173 bei PVM zonos ir ES valstybi\u0173 nari\u0173 at\u017evilgiu tapo tre\u010di\u0105ja valstybe. Preki\u0173 tiekimas Nuo \u0161iol parduodant prekes \u012fmon\u0117ms Jungtin\u0117je Karalyst\u0117je vietoje taikyto PVM\u012e 49 straipsnio (preki\u0173 tiekimas \u012f kit\u0105 ES valstyb\u0119 nar\u0119) tur\u0117s b\u016bti taikomas PVM\u012e 41 [&hellip;]<\/p>\n","protected":false},"author":30,"featured_media":0,"comment_status":"open","ping_status":"open","sticky":false,"template":"","format":"standard","meta":{"_acf_changed":false,"inline_featured_image":false,"footnotes":""},"categories":[1],"tags":[],"coauthors":[115],"class_list":["post-3415","post","type-post","status-publish","format-standard","hentry","category-uncategorized"],"acf":[],"yoast_head":"<!-- This site is optimized with the Yoast SEO plugin v25.5 - https:\/\/yoast.com\/wordpress\/plugins\/seo\/ -->\n<title>Mokes\u010di\u0173 poky\u010diai susij\u0119 su Brexit &#8211; Leinonen Lithuania<\/title>\n<meta name=\"robots\" content=\"index, follow, max-snippet:-1, max-image-preview:large, max-video-preview:-1\" \/>\n<link rel=\"canonical\" href=\"https:\/\/leinonen.eu\/ltu\/lt\/news\/mokesci-pokyciai-susije-su-brexit\/\" \/>\n<meta property=\"og:locale\" content=\"lt_LT\" \/>\n<meta property=\"og:type\" content=\"article\" \/>\n<meta property=\"og:title\" content=\"Mokes\u010di\u0173 poky\u010diai susij\u0119 su Brexit &#8211; Leinonen Lithuania\" \/>\n<meta property=\"og:description\" content=\"Norime informuoti, kad 2021 m. sausio 1 d. baig\u0117si pereinamasis laikotarpis ir Jungtin\u0117 Karalyst\u0117 i\u0161stojo i\u0161 ES muit\u0173 bei PVM zonos ir ES valstybi\u0173 nari\u0173 at\u017evilgiu tapo tre\u010di\u0105ja valstybe. Preki\u0173 tiekimas Nuo \u0161iol parduodant prekes \u012fmon\u0117ms Jungtin\u0117je Karalyst\u0117je vietoje taikyto PVM\u012e 49 straipsnio (preki\u0173 tiekimas \u012f kit\u0105 ES valstyb\u0119 nar\u0119) tur\u0117s b\u016bti taikomas PVM\u012e 41 [&hellip;]\" \/>\n<meta property=\"og:url\" content=\"https:\/\/leinonen.eu\/ltu\/lt\/news\/mokesci-pokyciai-susije-su-brexit\/\" \/>\n<meta property=\"og:site_name\" content=\"Leinonen Lithuania\" \/>\n<meta property=\"article:published_time\" content=\"2021-03-24T00:00:00+00:00\" \/>\n<meta name=\"author\" content=\"Evelina Daus\u0117nait\u0117\" \/>\n<meta name=\"twitter:card\" content=\"summary_large_image\" \/>\n<meta name=\"twitter:creator\" content=\"@leinonengroup\" \/>\n<meta name=\"twitter:site\" content=\"@leinonengroup\" \/>\n<meta name=\"twitter:label1\" content=\"Written by\" \/>\n\t<meta name=\"twitter:data1\" content=\"Evelina Daus\u0117nait\u0117\" \/>\n\t<meta name=\"twitter:label2\" content=\"Est. reading time\" \/>\n\t<meta name=\"twitter:data2\" content=\"7 minut\u0117s\" \/>\n<script type=\"application\/ld+json\" class=\"yoast-schema-graph\">{\"@context\":\"https:\/\/schema.org\",\"@graph\":[{\"@type\":\"WebPage\",\"@id\":\"https:\/\/leinonen.eu\/ltu\/lt\/news\/mokesci-pokyciai-susije-su-brexit\/\",\"url\":\"https:\/\/leinonen.eu\/ltu\/lt\/news\/mokesci-pokyciai-susije-su-brexit\/\",\"name\":\"Mokes\u010di\u0173 poky\u010diai susij\u0119 su Brexit &#8211; Leinonen Lithuania\",\"isPartOf\":{\"@id\":\"https:\/\/leinonen.eu\/ltu\/lt\/#website\"},\"datePublished\":\"2021-03-24T00:00:00+00:00\",\"author\":{\"@id\":\"https:\/\/leinonen.eu\/ltu\/lt\/#\/schema\/person\/2fc3818e485d2badd9d4ef53b4d8f435\"},\"breadcrumb\":{\"@id\":\"https:\/\/leinonen.eu\/ltu\/lt\/news\/mokesci-pokyciai-susije-su-brexit\/#breadcrumb\"},\"inLanguage\":\"lt-LT\",\"potentialAction\":[{\"@type\":\"ReadAction\",\"target\":[\"https:\/\/leinonen.eu\/ltu\/lt\/news\/mokesci-pokyciai-susije-su-brexit\/\"]}]},{\"@type\":\"BreadcrumbList\",\"@id\":\"https:\/\/leinonen.eu\/ltu\/lt\/news\/mokesci-pokyciai-susije-su-brexit\/#breadcrumb\",\"itemListElement\":[{\"@type\":\"ListItem\",\"position\":1,\"name\":\"Home\",\"item\":\"https:\/\/leinonen.eu\/ltu\/lt\/home\/\"},{\"@type\":\"ListItem\",\"position\":2,\"name\":\"Mokes\u010di\u0173 poky\u010diai susij\u0119 su Brexit\"}]},{\"@type\":\"WebSite\",\"@id\":\"https:\/\/leinonen.eu\/ltu\/lt\/#website\",\"url\":\"https:\/\/leinonen.eu\/ltu\/lt\/\",\"name\":\"Leinonen Lithuania\",\"description\":\"\",\"potentialAction\":[{\"@type\":\"SearchAction\",\"target\":{\"@type\":\"EntryPoint\",\"urlTemplate\":\"https:\/\/leinonen.eu\/ltu\/lt\/?s={search_term_string}\"},\"query-input\":{\"@type\":\"PropertyValueSpecification\",\"valueRequired\":true,\"valueName\":\"search_term_string\"}}],\"inLanguage\":\"lt-LT\"},{\"@type\":\"Person\",\"@id\":\"https:\/\/leinonen.eu\/ltu\/lt\/#\/schema\/person\/2fc3818e485d2badd9d4ef53b4d8f435\",\"name\":\"Evelina Daus\u0117nait\u0117\",\"image\":{\"@type\":\"ImageObject\",\"inLanguage\":\"lt-LT\",\"@id\":\"https:\/\/leinonen.eu\/ltu\/lt\/#\/schema\/person\/image\/722d4af0a25d4b5f57902822e5049966\",\"url\":\"https:\/\/leinonen.eu\/app\/uploads\/2022\/11\/IMAGE-2022-11-22-62957-PM-96x96.jpg\",\"contentUrl\":\"https:\/\/leinonen.eu\/app\/uploads\/2022\/11\/IMAGE-2022-11-22-62957-PM-96x96.jpg\",\"caption\":\"Evelina Daus\u0117nait\u0117\"},\"url\":\"https:\/\/leinonen.eu\/ltu\/lt\/news\/author\/evelina-dausenaite\/\"}]}<\/script>\n<!-- \/ Yoast SEO plugin. -->","yoast_head_json":{"title":"Mokes\u010di\u0173 poky\u010diai susij\u0119 su Brexit &#8211; Leinonen Lithuania","robots":{"index":"index","follow":"follow","max-snippet":"max-snippet:-1","max-image-preview":"max-image-preview:large","max-video-preview":"max-video-preview:-1"},"canonical":"https:\/\/leinonen.eu\/ltu\/lt\/news\/mokesci-pokyciai-susije-su-brexit\/","og_locale":"lt_LT","og_type":"article","og_title":"Mokes\u010di\u0173 poky\u010diai susij\u0119 su Brexit &#8211; Leinonen Lithuania","og_description":"Norime informuoti, kad 2021 m. sausio 1 d. baig\u0117si pereinamasis laikotarpis ir Jungtin\u0117 Karalyst\u0117 i\u0161stojo i\u0161 ES muit\u0173 bei PVM zonos ir ES valstybi\u0173 nari\u0173 at\u017evilgiu tapo tre\u010di\u0105ja valstybe. Preki\u0173 tiekimas Nuo \u0161iol parduodant prekes \u012fmon\u0117ms Jungtin\u0117je Karalyst\u0117je vietoje taikyto PVM\u012e 49 straipsnio (preki\u0173 tiekimas \u012f kit\u0105 ES valstyb\u0119 nar\u0119) tur\u0117s b\u016bti taikomas PVM\u012e 41 [&hellip;]","og_url":"https:\/\/leinonen.eu\/ltu\/lt\/news\/mokesci-pokyciai-susije-su-brexit\/","og_site_name":"Leinonen Lithuania","article_published_time":"2021-03-24T00:00:00+00:00","author":"Evelina Daus\u0117nait\u0117","twitter_card":"summary_large_image","twitter_creator":"@leinonengroup","twitter_site":"@leinonengroup","twitter_misc":{"Written by":"Evelina Daus\u0117nait\u0117","Est. reading time":"7 minut\u0117s"},"schema":{"@context":"https:\/\/schema.org","@graph":[{"@type":"WebPage","@id":"https:\/\/leinonen.eu\/ltu\/lt\/news\/mokesci-pokyciai-susije-su-brexit\/","url":"https:\/\/leinonen.eu\/ltu\/lt\/news\/mokesci-pokyciai-susije-su-brexit\/","name":"Mokes\u010di\u0173 poky\u010diai susij\u0119 su Brexit &#8211; Leinonen Lithuania","isPartOf":{"@id":"https:\/\/leinonen.eu\/ltu\/lt\/#website"},"datePublished":"2021-03-24T00:00:00+00:00","author":{"@id":"https:\/\/leinonen.eu\/ltu\/lt\/#\/schema\/person\/2fc3818e485d2badd9d4ef53b4d8f435"},"breadcrumb":{"@id":"https:\/\/leinonen.eu\/ltu\/lt\/news\/mokesci-pokyciai-susije-su-brexit\/#breadcrumb"},"inLanguage":"lt-LT","potentialAction":[{"@type":"ReadAction","target":["https:\/\/leinonen.eu\/ltu\/lt\/news\/mokesci-pokyciai-susije-su-brexit\/"]}]},{"@type":"BreadcrumbList","@id":"https:\/\/leinonen.eu\/ltu\/lt\/news\/mokesci-pokyciai-susije-su-brexit\/#breadcrumb","itemListElement":[{"@type":"ListItem","position":1,"name":"Home","item":"https:\/\/leinonen.eu\/ltu\/lt\/home\/"},{"@type":"ListItem","position":2,"name":"Mokes\u010di\u0173 poky\u010diai susij\u0119 su Brexit"}]},{"@type":"WebSite","@id":"https:\/\/leinonen.eu\/ltu\/lt\/#website","url":"https:\/\/leinonen.eu\/ltu\/lt\/","name":"Leinonen Lithuania","description":"","potentialAction":[{"@type":"SearchAction","target":{"@type":"EntryPoint","urlTemplate":"https:\/\/leinonen.eu\/ltu\/lt\/?s={search_term_string}"},"query-input":{"@type":"PropertyValueSpecification","valueRequired":true,"valueName":"search_term_string"}}],"inLanguage":"lt-LT"},{"@type":"Person","@id":"https:\/\/leinonen.eu\/ltu\/lt\/#\/schema\/person\/2fc3818e485d2badd9d4ef53b4d8f435","name":"Evelina Daus\u0117nait\u0117","image":{"@type":"ImageObject","inLanguage":"lt-LT","@id":"https:\/\/leinonen.eu\/ltu\/lt\/#\/schema\/person\/image\/722d4af0a25d4b5f57902822e5049966","url":"https:\/\/leinonen.eu\/app\/uploads\/2022\/11\/IMAGE-2022-11-22-62957-PM-96x96.jpg","contentUrl":"https:\/\/leinonen.eu\/app\/uploads\/2022\/11\/IMAGE-2022-11-22-62957-PM-96x96.jpg","caption":"Evelina Daus\u0117nait\u0117"},"url":"https:\/\/leinonen.eu\/ltu\/lt\/news\/author\/evelina-dausenaite\/"}]}},"_links":{"self":[{"href":"https:\/\/leinonen.eu\/ltu\/lt\/wp-json\/wp\/v2\/posts\/3415","targetHints":{"allow":["GET"]}}],"collection":[{"href":"https:\/\/leinonen.eu\/ltu\/lt\/wp-json\/wp\/v2\/posts"}],"about":[{"href":"https:\/\/leinonen.eu\/ltu\/lt\/wp-json\/wp\/v2\/types\/post"}],"author":[{"embeddable":true,"href":"https:\/\/leinonen.eu\/ltu\/lt\/wp-json\/wp\/v2\/users\/30"}],"replies":[{"embeddable":true,"href":"https:\/\/leinonen.eu\/ltu\/lt\/wp-json\/wp\/v2\/comments?post=3415"}],"version-history":[{"count":0,"href":"https:\/\/leinonen.eu\/ltu\/lt\/wp-json\/wp\/v2\/posts\/3415\/revisions"}],"wp:attachment":[{"href":"https:\/\/leinonen.eu\/ltu\/lt\/wp-json\/wp\/v2\/media?parent=3415"}],"wp:term":[{"taxonomy":"category","embeddable":true,"href":"https:\/\/leinonen.eu\/ltu\/lt\/wp-json\/wp\/v2\/categories?post=3415"},{"taxonomy":"post_tag","embeddable":true,"href":"https:\/\/leinonen.eu\/ltu\/lt\/wp-json\/wp\/v2\/tags?post=3415"},{"taxonomy":"author","embeddable":true,"href":"https:\/\/leinonen.eu\/ltu\/lt\/wp-json\/wp\/v2\/coauthors?post=3415"}],"curies":[{"name":"wp","href":"https:\/\/api.w.org\/{rel}","templated":true}]}}