{"id":3457,"date":"2018-05-16T00:00:00","date_gmt":"2018-05-16T00:00:00","guid":{"rendered":"https:\/\/new.leinonen.eu\/ltu\/svarbi-informacija-d-l-delspinigi-netaikymo-uz-priskaiciuota-mokest-uz-aplinkos-tersima\/"},"modified":"2018-05-16T00:00:00","modified_gmt":"2018-05-16T00:00:00","slug":"svarbi-informacija-d-l-delspinigi-netaikymo-uz-priskaiciuota-mokest-uz-aplinkos-tersima","status":"publish","type":"post","link":"https:\/\/leinonen.eu\/ltu\/lt\/news\/svarbi-informacija-d-l-delspinigi-netaikymo-uz-priskaiciuota-mokest-uz-aplinkos-tersima\/","title":{"rendered":"Svarbi informacija d\u0117l delspinigi\u0173 netaikymo u\u017e priskai\u010diuot\u0105 mokest\u012f u\u017e aplinkos ter\u0161im\u0105"},"content":{"rendered":"<div>\n<p>      \u0160iame I\u0161ai\u0161kinime VMI nurodo, kad d\u0117l pav\u0117luoto mokes\u010dio u\u017e aplinkos ter\u0161im\u0105 priskai\u010diavimo ir sumok\u0117jimo kalti ne mokes\u010di\u0173 mok\u0117tojai, bet tretieji asmenys. Atsi\u017evelgiant \u012f tai, mokes\u010di\u0173 mok\u0117tojai, mokes\u010di\u0173 administratoriaus iniciatyva, pagal \u00a0LR aplinkos ministerijos Vilniaus regiono aplinkos apsaugos departamento (toliau \u2013 <b>VRAAD<\/b>) pateikt\u0105 juridini\u0173 asmen\u0173 s\u0105ra\u0161\u0105 tiek nuo apskai\u010diuot\u0173 ir nesumok\u0117t\u0173, tiek nuo apskai\u010diuot\u0173 ir sumok\u0117t\u0173 \/ \u012fskaityt\u0173 aplinkos ter\u0161imo mokes\u010dio <b><u>delspinigi\u0173<\/u><\/b> <b><u>turi b\u016bti atleid\u017eiami.<\/u><\/b><\/p>\n<p>Jeigu ir J\u016bs\u0173 bendrov\u0117 susid\u016br\u0117 su V\u0160\u012e \u201e\u017daliasis ta\u0161kas\u201c bei V\u0160\u012e \u201ePakuo\u010di\u0173 tvarkymo organizacija\u201c i\u0161duot\u0173 pa\u017eym\u0173\/ patvirtinim\u0173 panaikinimu ir mokes\u010dio u\u017e aplinkos ter\u0161im\u0105 priskai\u010diavimu &#8211; Leinonen rekomenduoja susisiekti su mokes\u010di\u0173 administratoriumi ir i\u0161siai\u0161kinti, ar J\u016bs\u0173 bendrov\u0117 buvo \u012ftraukta \u012f VRAAD s\u0105ra\u0161\u0105, kuris buvo pateiktas VMI.<\/p>\n<p>Aptariam\u0105 I\u0161ai\u0161kinim\u0105 galite rasti \u017eemiau pateiktoje nuorodoje:<br \/><a href=\"https:\/\/www.vmi.lt\/cms\/documents\/10162\/8782061\/RM-17426\/cac6c7b8-c115-409f-b739-b903c1d2787f\">https:\/\/www.vmi.lt\/cms\/documents\/10162\/8782061\/RM-17426\/cac6c7b8-c115-409f-b739-b903c1d2787f<\/a><\/p>\n<\/div>\n","protected":false},"excerpt":{"rendered":"<p>\u0160iame I\u0161ai\u0161kinime VMI nurodo, kad d\u0117l pav\u0117luoto mokes\u010dio u\u017e aplinkos ter\u0161im\u0105 priskai\u010diavimo ir sumok\u0117jimo kalti ne mokes\u010di\u0173 mok\u0117tojai, bet tretieji asmenys. Atsi\u017evelgiant \u012f tai, mokes\u010di\u0173 mok\u0117tojai, mokes\u010di\u0173 administratoriaus iniciatyva, pagal \u00a0LR aplinkos ministerijos Vilniaus regiono aplinkos apsaugos departamento (toliau \u2013 VRAAD) pateikt\u0105 juridini\u0173 asmen\u0173 s\u0105ra\u0161\u0105 tiek nuo apskai\u010diuot\u0173 ir nesumok\u0117t\u0173, tiek nuo apskai\u010diuot\u0173 ir sumok\u0117t\u0173 [&hellip;]<\/p>\n","protected":false},"author":29,"featured_media":0,"comment_status":"open","ping_status":"open","sticky":false,"template":"","format":"standard","meta":{"_acf_changed":false,"inline_featured_image":false,"footnotes":""},"categories":[1],"tags":[],"coauthors":[114],"class_list":["post-3457","post","type-post","status-publish","format-standard","hentry","category-uncategorized"],"acf":[],"yoast_head":"<!-- This site is optimized with the Yoast SEO plugin v25.5 - https:\/\/yoast.com\/wordpress\/plugins\/seo\/ -->\n<title>Svarbi informacija d\u0117l delspinigi\u0173 netaikymo u\u017e priskai\u010diuot\u0105 mokest\u012f u\u017e aplinkos ter\u0161im\u0105 &#8211; Leinonen Lithuania<\/title>\n<meta name=\"robots\" content=\"index, follow, max-snippet:-1, max-image-preview:large, max-video-preview:-1\" \/>\n<link rel=\"canonical\" href=\"https:\/\/leinonen.eu\/ltu\/lt\/news\/svarbi-informacija-d-l-delspinigi-netaikymo-uz-priskaiciuota-mokest-uz-aplinkos-tersima\/\" \/>\n<meta property=\"og:locale\" content=\"lt_LT\" \/>\n<meta property=\"og:type\" content=\"article\" \/>\n<meta property=\"og:title\" content=\"Svarbi informacija d\u0117l delspinigi\u0173 netaikymo u\u017e priskai\u010diuot\u0105 mokest\u012f u\u017e aplinkos ter\u0161im\u0105 &#8211; Leinonen Lithuania\" \/>\n<meta property=\"og:description\" content=\"\u0160iame I\u0161ai\u0161kinime VMI nurodo, kad d\u0117l pav\u0117luoto mokes\u010dio u\u017e aplinkos ter\u0161im\u0105 priskai\u010diavimo ir sumok\u0117jimo kalti ne mokes\u010di\u0173 mok\u0117tojai, bet tretieji asmenys. Atsi\u017evelgiant \u012f tai, mokes\u010di\u0173 mok\u0117tojai, mokes\u010di\u0173 administratoriaus iniciatyva, pagal \u00a0LR aplinkos ministerijos Vilniaus regiono aplinkos apsaugos departamento (toliau \u2013 VRAAD) pateikt\u0105 juridini\u0173 asmen\u0173 s\u0105ra\u0161\u0105 tiek nuo apskai\u010diuot\u0173 ir nesumok\u0117t\u0173, tiek nuo apskai\u010diuot\u0173 ir sumok\u0117t\u0173 [&hellip;]\" \/>\n<meta property=\"og:url\" content=\"https:\/\/leinonen.eu\/ltu\/lt\/news\/svarbi-informacija-d-l-delspinigi-netaikymo-uz-priskaiciuota-mokest-uz-aplinkos-tersima\/\" \/>\n<meta property=\"og:site_name\" content=\"Leinonen Lithuania\" \/>\n<meta property=\"article:published_time\" content=\"2018-05-16T00:00:00+00:00\" \/>\n<meta name=\"author\" content=\"Leinonen Lithuania\" \/>\n<meta name=\"twitter:card\" content=\"summary_large_image\" \/>\n<meta name=\"twitter:creator\" content=\"@leinonengroup\" \/>\n<meta name=\"twitter:site\" content=\"@leinonengroup\" \/>\n<meta name=\"twitter:label1\" content=\"Written by\" \/>\n\t<meta name=\"twitter:data1\" content=\"Leinonen Lithuania\" \/>\n\t<meta name=\"twitter:label2\" content=\"Est. reading time\" \/>\n\t<meta name=\"twitter:data2\" content=\"1 minut\u0117\" \/>\n<script type=\"application\/ld+json\" class=\"yoast-schema-graph\">{\"@context\":\"https:\/\/schema.org\",\"@graph\":[{\"@type\":\"WebPage\",\"@id\":\"https:\/\/leinonen.eu\/ltu\/lt\/news\/svarbi-informacija-d-l-delspinigi-netaikymo-uz-priskaiciuota-mokest-uz-aplinkos-tersima\/\",\"url\":\"https:\/\/leinonen.eu\/ltu\/lt\/news\/svarbi-informacija-d-l-delspinigi-netaikymo-uz-priskaiciuota-mokest-uz-aplinkos-tersima\/\",\"name\":\"Svarbi informacija d\u0117l delspinigi\u0173 netaikymo u\u017e priskai\u010diuot\u0105 mokest\u012f u\u017e aplinkos ter\u0161im\u0105 &#8211; Leinonen Lithuania\",\"isPartOf\":{\"@id\":\"https:\/\/leinonen.eu\/ltu\/lt\/#website\"},\"datePublished\":\"2018-05-16T00:00:00+00:00\",\"author\":{\"@id\":\"https:\/\/leinonen.eu\/ltu\/lt\/#\/schema\/person\/a8c70a465534bf5d60ca8295318b29a0\"},\"breadcrumb\":{\"@id\":\"https:\/\/leinonen.eu\/ltu\/lt\/news\/svarbi-informacija-d-l-delspinigi-netaikymo-uz-priskaiciuota-mokest-uz-aplinkos-tersima\/#breadcrumb\"},\"inLanguage\":\"lt-LT\",\"potentialAction\":[{\"@type\":\"ReadAction\",\"target\":[\"https:\/\/leinonen.eu\/ltu\/lt\/news\/svarbi-informacija-d-l-delspinigi-netaikymo-uz-priskaiciuota-mokest-uz-aplinkos-tersima\/\"]}]},{\"@type\":\"BreadcrumbList\",\"@id\":\"https:\/\/leinonen.eu\/ltu\/lt\/news\/svarbi-informacija-d-l-delspinigi-netaikymo-uz-priskaiciuota-mokest-uz-aplinkos-tersima\/#breadcrumb\",\"itemListElement\":[{\"@type\":\"ListItem\",\"position\":1,\"name\":\"Home\",\"item\":\"https:\/\/leinonen.eu\/ltu\/lt\/home\/\"},{\"@type\":\"ListItem\",\"position\":2,\"name\":\"Svarbi informacija d\u0117l delspinigi\u0173 netaikymo u\u017e priskai\u010diuot\u0105 mokest\u012f u\u017e aplinkos ter\u0161im\u0105\"}]},{\"@type\":\"WebSite\",\"@id\":\"https:\/\/leinonen.eu\/ltu\/lt\/#website\",\"url\":\"https:\/\/leinonen.eu\/ltu\/lt\/\",\"name\":\"Leinonen Lithuania\",\"description\":\"\",\"potentialAction\":[{\"@type\":\"SearchAction\",\"target\":{\"@type\":\"EntryPoint\",\"urlTemplate\":\"https:\/\/leinonen.eu\/ltu\/lt\/?s={search_term_string}\"},\"query-input\":{\"@type\":\"PropertyValueSpecification\",\"valueRequired\":true,\"valueName\":\"search_term_string\"}}],\"inLanguage\":\"lt-LT\"},{\"@type\":\"Person\",\"@id\":\"https:\/\/leinonen.eu\/ltu\/lt\/#\/schema\/person\/a8c70a465534bf5d60ca8295318b29a0\",\"name\":\"Leinonen Lithuania\",\"image\":{\"@type\":\"ImageObject\",\"inLanguage\":\"lt-LT\",\"@id\":\"https:\/\/leinonen.eu\/ltu\/lt\/#\/schema\/person\/image\/367965f2562e7d835141550c9e275680\",\"url\":\"https:\/\/leinonen.eu\/app\/uploads\/sites\/15\/2025\/01\/avatar_user_29_1736778555-96x96.png\",\"contentUrl\":\"https:\/\/leinonen.eu\/app\/uploads\/sites\/15\/2025\/01\/avatar_user_29_1736778555-96x96.png\",\"caption\":\"Leinonen Lithuania\"},\"url\":\"https:\/\/leinonen.eu\/ltu\/lt\/news\/author\/leinonen-lithuania\/\"}]}<\/script>\n<!-- \/ Yoast SEO plugin. -->","yoast_head_json":{"title":"Svarbi informacija d\u0117l delspinigi\u0173 netaikymo u\u017e priskai\u010diuot\u0105 mokest\u012f u\u017e aplinkos ter\u0161im\u0105 &#8211; Leinonen Lithuania","robots":{"index":"index","follow":"follow","max-snippet":"max-snippet:-1","max-image-preview":"max-image-preview:large","max-video-preview":"max-video-preview:-1"},"canonical":"https:\/\/leinonen.eu\/ltu\/lt\/news\/svarbi-informacija-d-l-delspinigi-netaikymo-uz-priskaiciuota-mokest-uz-aplinkos-tersima\/","og_locale":"lt_LT","og_type":"article","og_title":"Svarbi informacija d\u0117l delspinigi\u0173 netaikymo u\u017e priskai\u010diuot\u0105 mokest\u012f u\u017e aplinkos ter\u0161im\u0105 &#8211; Leinonen Lithuania","og_description":"\u0160iame I\u0161ai\u0161kinime VMI nurodo, kad d\u0117l pav\u0117luoto mokes\u010dio u\u017e aplinkos ter\u0161im\u0105 priskai\u010diavimo ir sumok\u0117jimo kalti ne mokes\u010di\u0173 mok\u0117tojai, bet tretieji asmenys. Atsi\u017evelgiant \u012f tai, mokes\u010di\u0173 mok\u0117tojai, mokes\u010di\u0173 administratoriaus iniciatyva, pagal \u00a0LR aplinkos ministerijos Vilniaus regiono aplinkos apsaugos departamento (toliau \u2013 VRAAD) pateikt\u0105 juridini\u0173 asmen\u0173 s\u0105ra\u0161\u0105 tiek nuo apskai\u010diuot\u0173 ir nesumok\u0117t\u0173, tiek nuo apskai\u010diuot\u0173 ir sumok\u0117t\u0173 [&hellip;]","og_url":"https:\/\/leinonen.eu\/ltu\/lt\/news\/svarbi-informacija-d-l-delspinigi-netaikymo-uz-priskaiciuota-mokest-uz-aplinkos-tersima\/","og_site_name":"Leinonen Lithuania","article_published_time":"2018-05-16T00:00:00+00:00","author":"Leinonen Lithuania","twitter_card":"summary_large_image","twitter_creator":"@leinonengroup","twitter_site":"@leinonengroup","twitter_misc":{"Written by":"Leinonen Lithuania","Est. reading time":"1 minut\u0117"},"schema":{"@context":"https:\/\/schema.org","@graph":[{"@type":"WebPage","@id":"https:\/\/leinonen.eu\/ltu\/lt\/news\/svarbi-informacija-d-l-delspinigi-netaikymo-uz-priskaiciuota-mokest-uz-aplinkos-tersima\/","url":"https:\/\/leinonen.eu\/ltu\/lt\/news\/svarbi-informacija-d-l-delspinigi-netaikymo-uz-priskaiciuota-mokest-uz-aplinkos-tersima\/","name":"Svarbi informacija d\u0117l delspinigi\u0173 netaikymo u\u017e priskai\u010diuot\u0105 mokest\u012f u\u017e aplinkos ter\u0161im\u0105 &#8211; Leinonen Lithuania","isPartOf":{"@id":"https:\/\/leinonen.eu\/ltu\/lt\/#website"},"datePublished":"2018-05-16T00:00:00+00:00","author":{"@id":"https:\/\/leinonen.eu\/ltu\/lt\/#\/schema\/person\/a8c70a465534bf5d60ca8295318b29a0"},"breadcrumb":{"@id":"https:\/\/leinonen.eu\/ltu\/lt\/news\/svarbi-informacija-d-l-delspinigi-netaikymo-uz-priskaiciuota-mokest-uz-aplinkos-tersima\/#breadcrumb"},"inLanguage":"lt-LT","potentialAction":[{"@type":"ReadAction","target":["https:\/\/leinonen.eu\/ltu\/lt\/news\/svarbi-informacija-d-l-delspinigi-netaikymo-uz-priskaiciuota-mokest-uz-aplinkos-tersima\/"]}]},{"@type":"BreadcrumbList","@id":"https:\/\/leinonen.eu\/ltu\/lt\/news\/svarbi-informacija-d-l-delspinigi-netaikymo-uz-priskaiciuota-mokest-uz-aplinkos-tersima\/#breadcrumb","itemListElement":[{"@type":"ListItem","position":1,"name":"Home","item":"https:\/\/leinonen.eu\/ltu\/lt\/home\/"},{"@type":"ListItem","position":2,"name":"Svarbi informacija d\u0117l delspinigi\u0173 netaikymo u\u017e priskai\u010diuot\u0105 mokest\u012f u\u017e aplinkos ter\u0161im\u0105"}]},{"@type":"WebSite","@id":"https:\/\/leinonen.eu\/ltu\/lt\/#website","url":"https:\/\/leinonen.eu\/ltu\/lt\/","name":"Leinonen Lithuania","description":"","potentialAction":[{"@type":"SearchAction","target":{"@type":"EntryPoint","urlTemplate":"https:\/\/leinonen.eu\/ltu\/lt\/?s={search_term_string}"},"query-input":{"@type":"PropertyValueSpecification","valueRequired":true,"valueName":"search_term_string"}}],"inLanguage":"lt-LT"},{"@type":"Person","@id":"https:\/\/leinonen.eu\/ltu\/lt\/#\/schema\/person\/a8c70a465534bf5d60ca8295318b29a0","name":"Leinonen Lithuania","image":{"@type":"ImageObject","inLanguage":"lt-LT","@id":"https:\/\/leinonen.eu\/ltu\/lt\/#\/schema\/person\/image\/367965f2562e7d835141550c9e275680","url":"https:\/\/leinonen.eu\/app\/uploads\/sites\/15\/2025\/01\/avatar_user_29_1736778555-96x96.png","contentUrl":"https:\/\/leinonen.eu\/app\/uploads\/sites\/15\/2025\/01\/avatar_user_29_1736778555-96x96.png","caption":"Leinonen Lithuania"},"url":"https:\/\/leinonen.eu\/ltu\/lt\/news\/author\/leinonen-lithuania\/"}]}},"_links":{"self":[{"href":"https:\/\/leinonen.eu\/ltu\/lt\/wp-json\/wp\/v2\/posts\/3457","targetHints":{"allow":["GET"]}}],"collection":[{"href":"https:\/\/leinonen.eu\/ltu\/lt\/wp-json\/wp\/v2\/posts"}],"about":[{"href":"https:\/\/leinonen.eu\/ltu\/lt\/wp-json\/wp\/v2\/types\/post"}],"author":[{"embeddable":true,"href":"https:\/\/leinonen.eu\/ltu\/lt\/wp-json\/wp\/v2\/users\/29"}],"replies":[{"embeddable":true,"href":"https:\/\/leinonen.eu\/ltu\/lt\/wp-json\/wp\/v2\/comments?post=3457"}],"version-history":[{"count":0,"href":"https:\/\/leinonen.eu\/ltu\/lt\/wp-json\/wp\/v2\/posts\/3457\/revisions"}],"wp:attachment":[{"href":"https:\/\/leinonen.eu\/ltu\/lt\/wp-json\/wp\/v2\/media?parent=3457"}],"wp:term":[{"taxonomy":"category","embeddable":true,"href":"https:\/\/leinonen.eu\/ltu\/lt\/wp-json\/wp\/v2\/categories?post=3457"},{"taxonomy":"post_tag","embeddable":true,"href":"https:\/\/leinonen.eu\/ltu\/lt\/wp-json\/wp\/v2\/tags?post=3457"},{"taxonomy":"author","embeddable":true,"href":"https:\/\/leinonen.eu\/ltu\/lt\/wp-json\/wp\/v2\/coauthors?post=3457"}],"curies":[{"name":"wp","href":"https:\/\/api.w.org\/{rel}","templated":true}]}}