{"id":3648,"date":"2021-04-26T00:00:00","date_gmt":"2021-04-26T00:00:00","guid":{"rendered":"https:\/\/new.leinonen.eu\/lva\/pieejams-valsts-atbalsts-saistiba-ar-covid-19\/"},"modified":"2021-04-26T00:00:00","modified_gmt":"2021-04-26T00:00:00","slug":"pieejams-valsts-atbalsts-saistiba-ar-covid-19","status":"publish","type":"post","link":"https:\/\/leinonen.eu\/lva\/lv\/news\/pieejams-valsts-atbalsts-saistiba-ar-covid-19\/","title":{"rendered":"pieejams valsts atbalsts saist\u012bb\u0101 ar covid19 \/apr\u012blis 2021\/"},"content":{"rendered":"<div>\n<table border=\"0\" cellpadding=\"0\" cellspacing=\"0\">\n<tbody>\n<tr>\n<td colspan=\"2\">\n<h2><span>Atbalsts kr\u012bzes skart\u0101m nozar\u0113m<\/span><\/h2>\n<\/td>\n<\/tr>\n<tr>\n<td valign=\"top\">\n<h2><b><span>Valsts un pa\u0161vald\u012bbas iest\u0101des nomas maksas atbr\u012bvojums vai samazin\u0101jums<\/span><\/b><\/h2>\n<p><b>\u00a0<\/b><\/p>\n<\/td>\n<td valign=\"top\">\n<p>Valsts un pa\u0161vald\u012bbu iest\u0101des, k\u0101 ar\u012b kapit\u0101lsabiedr\u012bbas uz likuma darb\u012bbas laiku atbr\u012bvo kr\u012bzes skarto nozaru komersantus no nomas maksas vai lemj par nomas maksas samazin\u0101jumu.<\/p>\n<p>Nomas maksas samazin\u0101jumam vai atbr\u012bvojumam ir ties\u012bgi kvalific\u0113ties tie komersanti, kas atbilst noteikumos un konkr\u0113tas pa\u0161vald\u012bbas izvirz\u012btiem krit\u0113rijiem.<\/p>\n<p>Covid-19 infekcijas izplat\u012bbas seku p\u0101rvar\u0113\u0161anas likum\u0101 min\u0113tais nomas maksas atbr\u012bvojums ir noteikts l\u012bdz 2021. gada 30. j\u016bnijam. \u00a0<\/p>\n<\/td>\n<\/tr>\n<tr>\n<td colspan=\"2\" valign=\"top\">\n<h2> <b><span>Atbalsta pas\u0101kumi darba dev\u0113jiem, darba \u0146\u0113m\u0113jiem, pa\u0161nodarbin\u0101t\u0101m person\u0101m, autoratl\u012bdz\u012bbas sa\u0146\u0113m\u0113jiem un <\/span><\/b><b><span>patentmaksas maks\u0101t\u0101jiem<\/span><\/b> <\/h2>\n<\/td>\n<\/tr>\n<tr>\n<td valign=\"top\">\n<h2><b><span>Atbalsts par d\u012bkst\u0101vi darba dev\u0113jiem<\/span><\/b><\/h2>\n<\/td>\n<td valign=\"top\">\n<p>Atbalstam par d\u012bkst\u0101vi ir ties\u012bgi pieteikties darba dev\u0113ji, kuru ie\u0146\u0113mumi no saimniecisk\u0101s darb\u012bbas par konkr\u0113to atbalsta m\u0113nesi:<\/p>\n<ul>\n<li>sal\u012bdzinot ar m\u0113ne\u0161a vid\u0113jiem ie\u0146\u0113mumiem 2020. gada august\u0101, septembr\u012b un oktobr\u012b ir samazin\u0101ju\u0161ies vismaz par 20 %, vai<\/li>\n<li>sal\u012bdzinot ar 2019. gada attiec\u012bg\u0101 m\u0113ne\u0161a ie\u0146\u0113mumiem, ir samazin\u0101ju\u0161ies vismaz par 30 %, un \u0161is ie\u0146\u0113mumu samazin\u0101jums ir saist\u012bts ar saimniecisk\u0101s darb\u012bbas ierobe\u017eojumiem. <\/li>\n<\/ul>\n<p>D\u012bkst\u0101ves pabalsta atbalsta periods ir no 2020. gada 9. novembra l\u012bdz 2021. gada 30. j\u016bnijam (bet ne ilg\u0101k par termi\u0146u, kur\u0101 ir sp\u0113k\u0101 epidemiolo\u0123isk\u0101s situ\u0101cijas d\u0113\u013c noteiktie saimniecisk\u0101s darb\u012bbas ierobe\u017eojumi).<\/p>\n<p>D\u012bkst\u0101ves pabalstu administr\u0113 un izmaks\u0101 Valsts ie\u0146\u0113mumu dienests.<\/p>\n<\/td>\n<\/tr>\n<tr>\n<td valign=\"top\">\n<h2><b><span>Atbalsts par d\u012bkst\u0101vi pa\u0161nodarbin\u0101t\u0101m person\u0101m un autoratl\u012bdz\u012bbas sa\u0146\u0113m\u0113jiem<\/span><\/b><\/h2>\n<\/td>\n<td valign=\"top\">\n<p>D\u012bkst\u0101ves pabalstam ir ties\u012bgas pieteikties t\u0101s pa\u0161nodarbin\u0101t\u0101s personas \u2013 Valsts ie\u0146\u0113mumu dienest\u0101 re\u0123istr\u0113ti saimniecisk\u0101s darb\u012bbas veic\u0113ji, autoratl\u012bdz\u012bbas sa\u0146\u0113m\u0113ji, kas nav re\u0123istr\u0113ti Valsts ie\u0146\u0113mumu dienest\u0101 un individu\u0101lie komersanti.<\/p>\n<p>Person\u0101m, kuras sa\u0146em atbalstu, Valsts soci\u0101l\u0101s apdro\u0161in\u0101\u0161anas a\u0123ent\u016bra pie\u0161\u0137ir piemaksu 50 <i>euro<\/i> apm\u0113r\u0101 par katru apg\u0101d\u012bb\u0101 eso\u0161u b\u0113rnu vecum\u0101 l\u012bdz 24 gadiem, par tiek piem\u0113rots iedz\u012bvot\u0101ju ien\u0101kuma nodok\u013ca atvieglojums.<\/p>\n<\/td>\n<\/tr>\n<tr>\n<td valign=\"top\">\n<h2><b><span>Atbalsts par d\u012bkst\u0101vi patentmaksas maks\u0101t\u0101jiem<\/span><\/b><\/h2>\n<\/td>\n<td valign=\"top\">\n<p>D\u012bkst\u0101ves atbalstam ir ties\u012bgi piepras\u012bt tie patentmaksas maks\u0101t\u0101ji kuru ie\u0146\u0113mumi m\u0113nes\u012b, par kuru tiek l\u016bgts atbalsts, sal\u012bdzinot ar vid\u0113jiem ie\u0146\u0113mumiem 2020. gada august\u0101, septembr\u012b un oktobr\u012b, ir samazin\u0101ju\u0161ies vismaz par 20 %.<\/p>\n<p>Valsts soci\u0101l\u0101s apdro\u0161in\u0101\u0161anas a\u0123ent\u016bra pie\u0161\u0137ir piemaksu 50 eiro apm\u0113r\u0101 par katru apg\u0101d\u012bb\u0101 eso\u0161u b\u0113rnu vecum\u0101 l\u012bdz 24 gadiem, par kuru tiek piem\u0113rots iedz\u012bvot\u0101ju ien\u0101kuma nodok\u013ca atvieglojums. <\/p>\n<p>Par atbalsta periodu patentmaksa vai samazin\u0101t\u0101 patentmaksa nav j\u0101maks\u0101.<\/p>\n<\/td>\n<\/tr>\n<tr>\n<td valign=\"top\">\n<h2><b><span>Atbalsts algu subs\u012bdijai nepilna laika darbiniekiem<\/span><\/b><\/h2>\n<\/td>\n<td valign=\"top\">\n<p>Algu subs\u012bdijas paredz\u0113tas, lai sniegtu atbalstu nepilnu darba laiku str\u0101d\u0101jo\u0161u darbinieku atl\u012bdz\u012bbas kompens\u0113\u0161anai.<\/p>\n<p>Atbalstam algu subs\u012bdijai ir ties\u012bgi pieteikties tie darba dev\u0113ji, kuru ie\u0146\u0113mumi:<\/p>\n<ul>\n<li>ir samazin\u0101ju\u0161ies ne maz\u0101k k\u0101 par 20 % no saimniecisk\u0101s darb\u012bbas konkr\u0113taj\u0101 2020. gada atbalsta m\u0113nes\u012b, sal\u012bdzinot ar vid\u0113jiem ien\u0101kumiem 2020. gada august\u0101, septembr\u012b un oktobr\u012b, kad uz\u0146\u0113mums faktiski darbojies;<\/li>\n<li>ir samazin\u0101ju\u0161ies vismaz par 30 %, sal\u012bdzinot ar 2019. gada attiec\u012bg\u0101 m\u0113ne\u0161a ie\u0146\u0113mumiem.<\/li>\n<\/ul>\n<p>Darba dev\u0113jam ir pien\u0101kums izmaks\u0101t darbiniekam starp\u012bbu starp sa\u0146emt\u0101 atbalsta apm\u0113ru un darba samaksas apm\u0113ru.<\/p>\n<p>Atbalsts b\u016bs pieejams par periodu no 2020. gada 9. novembra l\u012bdz 2021. gada 30.j\u016bnijam.<\/p>\n<\/td>\n<\/tr>\n<tr>\n<td valign=\"top\">\n<h2><b><span>Grants apgroz\u0101mo l\u012bdzek\u013cu pl\u016bsmas nodro\u0161in\u0101\u0161anai<\/span><\/b><\/h2>\n<\/td>\n<td valign=\"top\">\n<p>Grantam apgroz\u0101mo l\u012bdzek\u013cu pl\u016bsmas krituma kompens\u0113\u0161anai var pieteikties Valsts ie\u0146\u0113mumu dienest\u0101 re\u0123istr\u0113tie nodok\u013cu maks\u0101t\u0101ji, uz\u0146\u0113mumi, kas atbilst s\u012bk\u0101 (mikro), maz\u0101 un vid\u0113j\u0101 uz\u0146\u0113muma** defin\u012bcijai, k\u0101 ar\u012b lielie saimniecisk\u0101s darb\u012bbas* veic\u0113ji.<\/p>\n<p>Atbalstam var pretend\u0113t uz\u0146\u0113mums, kuram atbalsta perioda m\u0113nes\u012b apgroz\u012bjums ir krities vismaz par 20 %, sal\u012bdzinot ar vid\u0113jo apgroz\u012bjumu 2020. gada august\u0101, septembr\u012b un oktobr\u012b kop\u0101, un kuram atbalsta perioda m\u0113nes\u012b apgroz\u012bjums ir krities vismaz par 30 %, sal\u012bdzinot ar apgroz\u012bjumu 2019. gada attiec\u012bgaj\u0101 m\u0113nes\u012b.<\/p>\n<p>Grantam var pieteikties l\u012bdz 2021. gada 15. j\u016bnijam par laiku no 2020. gada 1. novembra l\u012bdz 2021. gada 31. maijam. Atbalstu var piepras\u012bt par katru atbalsta perioda m\u0113nesi.<\/p>\n<\/td>\n<\/tr>\n<tr>\n<td valign=\"top\">\n<h2><b><span>Jauna atbalsta programma tirdzniec\u012bbas centriem nomas ie\u0146\u0113mumu krituma kompens\u0101cijai<\/span><\/b><\/h2>\n<h2> <b><\/b><b><\/b> <\/h2>\n<\/td>\n<td valign=\"top\">\n<p>Ministru kabinet\u0101 apstiprin\u0101ta jauna atbalsta programma Covid-19 kr\u012bzes skartajiem komersantiem, lai kompens\u0113tu t\u0101 \u012bpa\u0161um\u0101 eso\u0161\u0101 tirdzniec\u012bbas centra nomas ie\u0146\u0113mumu kritumu.<\/p>\n<p>Atbalsta programmu ievies\u012bs Latvijas Invest\u012bciju un att\u012bst\u012bbas a\u0123ent\u016br\u0101 (LIAA). Pieteikumu iesnieg\u0161anas termi\u0146\u0161 \u2013 l\u012bdz 2021. gada 15. maijam.<\/p>\n<p><b>Atbalstam var\u0113s pieteikties p\u0113c Eiropas Komisijas apstiprin\u0101juma.<\/b><\/p>\n<p><b><\/b><\/p>\n<\/td>\n<\/tr>\n<tr>\n<td valign=\"top\">\n<h2><b><span>Atbalsta pas\u0101kumi skaistumkop\u0161anas nozarei<\/span><\/b><\/h2>\n<\/td>\n<td valign=\"top\">\n<p>Darbinieki, pa\u0161nodarbin\u0101tie un patentmaks\u0101t\u0101ji skaistumkop\u0161anas nozar\u0113 no 2021. gada 1. janv\u0101ra l\u012bdz ties\u012bbu aktos noteikt\u0101 aizlieguma sniegt skaistumkop\u0161anas pakalpojumus atcel\u0161anai savas atl\u012bdz\u012bbas vai ien\u0101kumu kompens\u0113\u0161anai var v\u0113rsties VID un sa\u0146emt d\u012bkst\u0101ves atbalstu.<\/p>\n<\/td>\n<\/tr>\n<tr>\n<td valign=\"top\">\n<h2><b><span><span><\/p>\n<p><b><\/b><\/p>\n<p><\/span><\/span><\/b><\/h2>\n<h2><b><span>Slim\u012bbas pabalsts<\/span><\/b><\/h2>\n<\/td>\n<td valign=\"top\">\n<p>Ties\u012bbas uz vienreiz\u0113ju slim\u012bbas pabalstu par 14 kalend\u0101ram ir laika posm\u0101 no 2021. gada 1. janv\u0101ra l\u012bdz 2021. gada 30. j\u016bnijam<\/p>\n<p>Slim\u012bbas pal\u012bdz\u012bbas pabalstu izmaks\u0101 60 % apm\u0113r\u0101 no personas vid\u0113j\u0101s apdro\u0161in\u0101\u0161anas iemaksu algas p\u0113d\u0113jo 12 m\u0113ne\u0161u laik\u0101. <\/p>\n<p>Slim\u012bbas pabalstu pieprasa Valsts soci\u0101l\u0101s apdro\u0161in\u0101\u0161anas a\u0123ent\u016brai un no \u0161\u012b pabalsta netiek ietur\u0113ts iedz\u012bvot\u0101ju ien\u0101kuma nodoklis un neveic valsts soci\u0101l\u0101s apdro\u0161in\u0101\u0161anas oblig\u0101t\u0101s iemaksas. <\/p>\n<\/td>\n<\/tr>\n<tr>\n<td valign=\"top\">\n<h2><b><span>Darbnesp\u0113jas lapu apmaksa<\/span><\/b><\/h2>\n<\/td>\n<td valign=\"top\">\n<p>Lai samazin\u0101tu COVID-19 izplat\u012bbu darba viet\u0101s un pal\u012bdz\u0113tu darba dev\u0113jiem, kuru darbinieki slimo ar Covid-19 vai atrodas karant\u012bn\u0101 no 2020. gada 16. novembra l\u012bdz 2021. gada 30. j\u016bnijam, valsts slim\u012bbas pabalstu pie\u0161\u0137ir un izmaks\u0101 no darbnesp\u0113jas piem\u0101s dienas. Proti, \u0161\u0101d\u0101 gad\u012bjum\u0101 tiek izsniegta B slim\u012bbas lapa. \u00a0<\/p>\n<p>Slim\u012bbas pabalsta apm\u0113rs 80 % apm\u0113r\u0101 no pabalsta sa\u0146\u0113m\u0113ja vid\u0113j\u0101s apdro\u0161in\u0101\u0161anas iemaksu algas.<\/p>\n<\/td>\n<\/tr>\n<tr>\n<td colspan=\"2\" valign=\"top\">\n<h2><span>Atbalsta pas\u0101kumi nodok\u013cu administr\u0113\u0161anas jom\u0101<\/span><\/h2>\n<div><span><span><b><\/b><\/span><\/span><\/div>\n<\/td>\n<\/tr>\n<tr>\n<td valign=\"top\">\n<h2><b><span>Iedz\u012bvot\u0101ju ien\u0101kuma nodoklis<\/span><\/b><\/h2>\n<\/td>\n<td valign=\"top\">\n<p>Saimniecisk\u0101s darb\u012bbas veic\u0113jiem ir ties\u012bbas neveikt noteiktos iedz\u012bvot\u0101ju ien\u0101kuma nodok\u013ca avansa maks\u0101jumus no saimniecisk\u0101s darb\u012bbas ien\u0101kuma par 2021.gadu. <\/p>\n<p>Iedz\u012bvot\u0101ju ien\u0101kuma nodok\u013ca maks\u0101t\u0101jam (saimniecisk\u0101s darb\u012bbas veic\u0113jam, individu\u0101lam komersantam vai individu\u0101l\u0101 uz\u0146\u0113muma \u012bpa\u0161niekam) par ien\u0101kumiem maks\u0101 iedz\u012bvot\u0101ju ien\u0101kuma nodokli, par 2020. un 2021. taks\u0101cijas gadu netiek piem\u0113rots izdevumu apm\u0113ra ierobe\u017eojums 80% apm\u0113r\u0101 no ie\u0146\u0113mumiem vienk\u0101r\u0161\u0101 ieraksta gr\u0101matved\u012bbas k\u0101rtot\u0101jiem un noteiktais apliekam\u0101 ien\u0101kuma minim\u0101lais apm\u0113rs vismaz 20% apm\u0113r\u0101 no ie\u0146\u0113mumiem divk\u0101r\u0161\u0101 ieraksta gr\u0101matved\u012bbas k\u0101rtot\u0101jiem.<\/p>\n<p><\/p>\n<p>2021. gad\u0101 nav j\u0101veic iedz\u012bvot\u0101ju ien\u0101kuma nodok\u013ca un valsts soci\u0101l\u0101s apdro\u0161in\u0101\u0161anas iemaksas no minim\u0101l\u0101s algas, izpildoties noteiktiem krit\u0113rijiem.<\/p>\n<p>Tiek pagarin\u0101ts ar\u012b gada ien\u0101kumu deklar\u0101cijas iesnieg\u0161anas termi\u0146\u0161 person\u0101m, kam deklar\u0101cijas iesnieg\u0161ana ir oblig\u0101ta. 2020. gada ien\u0101kumu deklar\u0101cijas iesnieg\u0161anas termi\u0146\u0161 ir 2021. gada 1. J\u016blijs.<\/p>\n<p>Pagarin\u0101ts gada ien\u0101kumu deklar\u0101cij\u0101 apr\u0113\u0137in\u0101t\u0101 IIN samaksas termi\u0146\u0161.<\/p>\n<\/td>\n<\/tr>\n<tr>\n<td valign=\"top\">\n<h2><b><span>Pievienot\u0101s v\u0113rt\u012bbas nodoklis<\/span><\/b><\/h2>\n<\/td>\n<td valign=\"top\">\n<p>No 2021. gada 1. janv\u0101ra ir sp\u0113k\u0101 groz\u012bjumi PVN likum\u0101, ar kuriem noteikts, ka PVN atmaksa tiks veikta 30 dienu laik\u0101 p\u0113c PVN deklar\u0101cijas iesnieg\u0161anas termi\u0146a. <\/p>\n<\/td>\n<\/tr>\n<tr>\n<td valign=\"top\">\n<h2><b><span>Uz\u0146\u0113muma ien\u0101kuma nodoklis<\/span><\/b><\/h2>\n<\/td>\n<td valign=\"top\">\n<p>Par uz\u0146\u0113mumu ien\u0101kuma nodok\u013ca maks\u0101t\u0101ja ar saimniecisko darb\u012bbu saist\u012btiem izdevumiem uzskat\u0101mi pre\u010du un pakalpojumu d\u0101vin\u0101jumi \u0101rk\u0101rt\u0113j\u0101s situ\u0101cijas negat\u012bvi ietekm\u0113t\u0101m soci\u0101laj\u0101m grup\u0101m (nepersonific\u0113jot sa\u0146\u0113m\u0113ju iedz\u012bvot\u0101ju ien\u0101kuma nodok\u013ca piem\u0113ro\u0161anas m\u0113r\u0137iem), k\u0101 ar\u012b person\u0101m, kuru pamatdarb\u012bba ir medic\u012bnas pakalpojumu snieg\u0161ana, izgl\u012bt\u012bbas nodro\u0161in\u0101\u0161ana, labdar\u012bba, pal\u012bdz\u012bba soci\u0101li maznodro\u0161in\u0101tajiem, person\u0101m ar invalidit\u0101ti vai b\u0113rniem.<\/p>\n<p><\/p>\n<p>Uz\u0146\u0113mumu ien\u0101kuma nodok\u013ca maks\u0101t\u0101js, kas veicis ziedojumus, lai mazin\u0101tu Covid-19 izplat\u012bbas sekas, atbilsto\u0161i Uz\u0146\u0113mumu ien\u0101kuma nodok\u013ca likumam ir ties\u012bgs palielin\u0101t noteikto taks\u0101cijas perioda ar uz\u0146\u0113mumu ien\u0101kuma nodokli apliekamaj\u0101 b\u0101z\u0113 neiek\u013caujamo ziedojumu summu v\u0113l par trim procentpunktiem no iepriek\u0161\u0113j\u0101 p\u0101rskata gada pe\u013c\u0146as p\u0113c apr\u0113\u0137in\u0101tajiem nodok\u013ciem<\/p>\n<p>  <\/td>\n<\/tr>\n<tr>\n<td valign=\"top\">\n<h2><b><span>Gada p\u0101rskatu un konsolid\u0113to gada p\u0101rskatu likums<\/span><\/b><\/h2>\n<\/td>\n<td valign=\"top\">\n<p>The enterprise to  which the Law on the<\/p>\n<p>Sabiedr\u012bba, uz kuru attiecas Gada p\u0101rskatu un konsolid\u0113to gada p\u0101rskatu likums, ir ties\u012bga gada p\u0101rskatu un konsolid\u0113to gada p\u0101rskatu par 2020. p\u0101rskata gadu iesniegt termi\u0146\u0101, kas par trim m\u0113ne\u0161iem p\u0101rsniedz likum\u0101 noteikto iesnieg\u0161anas termi\u0146u.<\/p>\n<\/td>\n<\/tr>\n<tr>\n<td valign=\"top\">\n<h2><b><span>Alkoholisko dz\u0113rienu aprites likums<\/span><\/b><\/h2>\n<\/td>\n<td valign=\"top\">\n<p>Alkoholisko dz\u0113rienu mazumtirdzniec\u012bba, iz\u0146emot beznodok\u013cu tirdzniec\u012bbas veikalus, ir at\u013cauta ar\u012b t\u012bmek\u013cvietn\u0113 vai mobilaj\u0101 lietotn\u0113, ja tiek iev\u0113roti Alkoholisko dz\u0113rienu aprites likum\u0101 noteikt\u0101s pras\u012bbas.<\/p>\n<\/td>\n<\/tr>\n<tr>\n<td valign=\"top\">\n<h2><b><span>Padzi\u013cin\u0101t\u0101s sadarb\u012bbas programma<\/span><\/b><\/h2>\n<\/td>\n<td valign=\"top\">\n<p>Valsts ie\u0146\u0113mumu dienests 2021., 2022. un 2023. gad\u0101 ir ties\u012bgs nepie\u0146emt negat\u012bvu l\u0113mumu attiec\u012bb\u0101 uz padzi\u013cin\u0101t\u0101s sadarb\u012bbas programmas dal\u012bbnieku, ja to ir ietekm\u0113jusi COVID-19 kr\u012bze un padzi\u013cin\u0101t\u0101s sadarb\u012bbas programmas dal\u012bbnieks nodro\u0161ina pier\u0101d\u012bjumus objekt\u012bvo apst\u0101k\u013cu es\u012bbai.<\/p>\n<\/td>\n<\/tr>\n<tr>\n<td valign=\"top\">\n<h2> <span>Nekustam\u0101 \u012bpa\u0161uma nodoklis<\/span><br \/> <\/h2>\n<\/td>\n<td valign=\"top\">\n<p>In 2021,  municipalities are entitled to determine Immovable Property Tax payment terms  that differ from those stipulated in the Law On Immovable Property Tax,  transferring it to a later term in 2021. <\/p>\n<\/td>\n<\/tr>\n<\/tbody>\n<\/table>\n<table border=\"0\" cellpadding=\"0\" cellspacing=\"0\">\n<tbody>\n<tr>\n<td colspan=\"2\">\n<h2><b><span>Valsts att\u012bst\u012bbas finan\u0161u instit\u016bcijas \u201cAltum\u201d sniegtais atbalsts \/ Covid &#8211; 19<\/span><\/b><\/h2>\n<\/td>\n<\/tr>\n<tr>\n<td valign=\"top\">\n<h2><b><span>Apgroz\u0101mo l\u012bdzek\u013cu aizdevums \/ Covid-19<\/span><\/b><\/h2>\n<\/td>\n<td valign=\"top\">\n<p>Apgroz\u0101mo l\u012bdzek\u013cu aizdevums ir likvidit\u0101tes atbalsts saimniecisk\u0101s darb\u012bbas veic\u0113jiem, kuru darb\u012bbu ietekm\u0113jusi Covid-19 izplat\u012bba.<\/p>\n<p>Atbalsta apm\u0113rs ir l\u012bdz 1 milj. <i>euro<\/i>, bet kop\u0113j\u0101 aizdevuma summa nep\u0101rsniedz vismaz vienu no krit\u0113rijiem:<\/p>\n<ul>\n<li>25% no komersanta, lauksaimniec\u012bbas vai zivsaimniec\u012bbas apgroz\u012bjuma 2019. gad\u0101,<\/li>\n<li>divk\u0101r\u0161u izdevumu apm\u0113ru par atalgojumu (t.sk. soci\u0101l\u0101s iemaksas) 2019. gad\u0101 (2019. gada dibin\u0101tiem pl\u0101notais apjoms divos gados),<\/li>\n<li>nepiecie\u0161am\u0101s likvidit\u0101tes apjomu darb\u012bbas nodro\u0161in\u0101\u0161anai turpm\u0101kajiem 12 m\u0113ne\u0161iem.<\/li>\n<\/ul>\n<\/td>\n<\/tr>\n<tr>\n<td valign=\"top\">\n<h2><b><span>Atbalsts eksport\u0113t\u0101jiem \/ Covid &#8211; 19<\/span><\/b><\/h2>\n<\/td>\n<td valign=\"top\">\n<p>Eksport\u0113t\u0101jiem ir atcelti ierobe\u017eojumi eksporta garantiju sa\u0146em\u0161anai uz Eiropas Savien\u012bbas un atsevi\u0161\u0137\u0101m OECD dal\u012bbvalst\u012bm. <\/p>\n<p>Atl\u012bdz\u012bbas maksim\u0101lais saist\u012bbu apm\u0113rs par zaud\u0113jumiem, kas radu\u0161ies ar vienu \u0101rvalstu pirc\u0113ju, ir 2 milj. e<i>uro<\/i>.<\/p>\n<\/td>\n<\/tr>\n<tr>\n<td valign=\"top\">\n<h2><b><span>Lielo komersantu* garantijas \/ Covid &#8211; 19<\/span><\/b><\/h2>\n<\/td>\n<td valign=\"top\">\n<p>Atbalstam var pieteikties lielie komersanti*, kuriem ir pier\u0101d\u0101ma negat\u012bva Covid-19 ietekme. <\/p>\n<p>Finan\u0161u pakalpojuma summa, ko sedz garantija, nedr\u012bkst p\u0101rsniegt 25% no komersanta 2019. gada apgroz\u012bjuma. <\/p>\n<p>Garantija sedz l\u012bdz 70% vai 90%:<\/p>\n<ul>\n<li>jauniem finan\u0161u pakalpojumiem &#8211; no neatmaks\u0101t\u0101s finans\u0113juma pamatsummas, maksim\u0101l\u0101 garantija l\u012bdz 15 milj. <i>euro<\/i>;<\/li>\n<li>eso\u0161iem finan\u0161u pakalpojumiem &#8211; no atlikt\u0101s bankas aizdevuma pamatsummas. Atliktai pamatsummai minim\u0101lais finan\u0161u pakalpojuma atlikums bank\u0101 ir 10 milj. <i>euro<\/i>, savuk\u0101rt maksim\u0101l\u0101 Altum garantija ir 15 milj. <i>euro.<\/i> <\/li>\n<\/ul>\n<p>Bankas aizdevuma m\u0113r\u0137is, kuram tiek piesaist\u012bta garantija ir:<\/p>\n<ul>\n<li>aizdevums invest\u012bciju veik\u0161anai, <\/li>\n<li>aizdevums apgroz\u0101mo l\u012bdzek\u013cu finans\u0113\u0161anai, tai skait\u0101 kred\u012btlimiti (kred\u012btl\u012bnijas un <i>overdrafti<\/i>),<\/li>\n<li>finan\u0161u l\u012bzings, finan\u0161u l\u012bzinga limiti.<\/li>\n<\/ul>\n<p>Atbalsts ir pieejams l\u012bdz 2021. gada 30. j\u016bnijam.<\/p>\n<p>  <\/td>\n<\/tr>\n<tr>\n<td valign=\"top\">\n<h2><b><span>Kred\u012bta br\u012bvdienu garantija \/ Covid -19<\/span><\/b><\/h2>\n<h2> <b><\/b><b><\/b> <\/h2>\n<\/td>\n<td valign=\"top\">\n<p>Uz\u0146\u0113mumiem, kuriem Covid-19 izplat\u012bbas d\u0113\u013c radu\u0161\u0101s objekt\u012bvas gr\u016bt\u012bbas veikt aizdevumu maks\u0101jumus bank\u0101s, tiek pied\u0101v\u0101tas kred\u012bta garantijas, kas \u013cauj uz\u0146\u0113m\u0113jam sa\u0146emt bankas aizdevuma kred\u012btbr\u012bvdienas jeb atliktu bankas kred\u012bta pamatsummas maks\u0101jumu.<\/p>\n<p>Garantijas sa\u0146em\u0161anai var pretend\u0113t s\u012bkie (mikro), mazie, vid\u0113jie** un lielie uz\u0146\u0113mumi.*<\/p>\n<p>Finan\u0161u pakalpojuma summa, ko sedz garantija, nep\u0101rsniedz 25% no saimniecisk\u0101s darb\u012bbas veic\u0113ja 2019. gada kop\u0113j\u0101 apgroz\u012bjuma, bet maksim\u0101l\u0101 garantijas summa nep\u0101rsniedz 5 milj. <i>euro<\/i>.<\/p>\n<p>Garantija sedz l\u012bdz 50% no finan\u0161u pakalpojuma summas (atlikuma garantijas pie\u0161\u0137ir\u0161anas br\u012bd\u012b).<\/p>\n<p>Atbalsts ir pieejams l\u012bdz 2021. gada 30. j\u016bnijam.<\/p>\n<p>  <\/td>\n<\/tr>\n<tr>\n<td valign=\"top\">\n<h2><b><span>Kapit\u0101la fonds \/ Covid &#8211; 19<\/span><\/b><\/h2>\n<h2> <b><\/b><b><\/b> <\/h2>\n<\/td>\n<td valign=\"top\">\n<p>Finans\u0113jums ir pieejams lielajiem komersantiem*, kuru darb\u012bbu negat\u012bvi ietekm\u0113ja Covid-19, k\u0101 ar\u012b tiem lielajiem komersantiem, kuri ir gatavi piel\u0101got vai p\u0101rveidot l\u012bdz\u0161in\u0113jo komercdarb\u012bbas modeli jaunaj\u0101m dz\u012bves un uz\u0146\u0113m\u0113jdarb\u012bbas re\u0101lij\u0101m. <\/p>\n<p>Atbalst\u0101mie ieguld\u012bjumu veidi vai \u0161o ieguld\u012bjumu veidu kombin\u0101cija uz\u0146\u0113muma finans\u0113juma vajadz\u012bbu risin\u0101\u0161anai:<\/p>\n<ul>\n<li>ieguld\u012bjums uz\u0146\u0113muma kapit\u0101l\u0101, <\/li>\n<li>mezan\u012bna finans\u0113jums \u2013 ar iesp\u0113ju aizdevumu konvert\u0113t kapit\u0101lda\u013c\u0101s, <\/li>\n<li>uz\u0146\u0113muma par\u0101du v\u0113rtspap\u012bru emisijas ieg\u0101de alternat\u012bvaj\u0101 First North vai Baltijas regul\u0113taj\u0101 tirg\u016b.<\/li>\n<\/ul>\n<p>Invest\u012bciju apjoms vienam komersantam \u2013 l\u012bdz 10 milj. <i>euro<\/i>.<\/p>\n<p>  <\/td>\n<\/tr>\n<tr>\n<td valign=\"top\">\n<h2><b><span>Aizdevumi lieliem un vid\u0113jiem komersantiem \/ Covid &#8211; 19<\/span><\/b><\/h2>\n<h2> <b><\/b><b><\/b> <\/h2>\n<\/td>\n<td valign=\"top\">\n<p>Aizdevumi paredz\u0113ti eksporta un konkur\u0113tsp\u0113jas saglab\u0101\u0161anai un palielin\u0101\u0161anai, k\u0101 ar\u012b dz\u012bvotsp\u0113j\u012bgu projektu \u012bsteno\u0161anai: <\/p>\n<ul>\n<li>ilgtermi\u0146a materi\u0101l\u0101m un nemateri\u0101l\u0101m invest\u012bcij\u0101m kop\u0101 ar kred\u012btiest\u0101des, l\u012bzinga sabiedr\u012bbas vai citas finan\u0161u instit\u016bcijas aizdevumu;<\/li>\n<li>aizdevums tiks subordin\u0113ts pret cita kredit\u0113t\u0101ja aizdevumu ar zem\u0101ku nodro\u0161in\u0101juma k\u0101rtu;<\/li>\n<li>l\u012bdz 15 milj. <i>euro<\/i> un ne vair\u0101k par cita finans\u0113t\u0101ja aizdevumu;<\/li>\n<li>Termi\u0146\u0161 l\u012bdz 20 gadiem, nep\u0101rsniedzot ieg\u0101d\u0101jamo akt\u012bvu lietder\u012bgo kalpo\u0161anas laiku un amortiz\u0101cijas termi\u0146u.<\/li>\n<\/ul>\n<\/td>\n<\/tr>\n<tr>\n<td valign=\"top\">\n<h2><b><span>Pl\u0101notais atbalsts kult\u016bras nozares komersantiem | Covid-19<\/span><\/b><\/h2>\n<h2> <b> <\/b><b><\/b> <\/h2>\n<p><b>\u00a0<\/b><\/p>\n<\/td>\n<td valign=\"top\">\n<p>Ministru kabinets ir apstiprin\u0101jis atbalstu dz\u012bvotsp\u0113j\u012bgiem kult\u016bras nozares uz\u0146\u0113mumiem, kuri nodro\u0161ina m\u0101kslas, izklaides un atp\u016btas pas\u0101kumus un kuru darb\u012bbu ietekm\u0113jusi Covid-19 pand\u0113mija. <\/p>\n<p>Programmas ietvaros nozar\u0113 str\u0101d\u0101jo\u0161ajiem uz\u0146\u0113mumiem paredz\u0113ts atbalsts aizdevumu un grantu veid\u0101 kopum\u0101 6 milj. <i>eiro<\/i> apm\u0113r\u0101.<\/p>\n<p><b>Atbalstam b\u016bs iesp\u0113jams pieteikties p\u0113c atbalsta programmas apstiprin\u0101juma no Eiropas Komisijas.<\/b><\/p>\n<p>  <\/td>\n<\/tr>\n<tr>\n<td colspan=\"2\" valign=\"top\">\n<h2><b><span>* Maza, vid\u0113ja komersanta statusa noteik\u0161anas krit\u0113riji<\/span><\/b><\/h2>\n<h2><b><\/b> <\/h2>\n<p>Komersants uzskat\u0101ms par <b>lielo komersantu<\/b>, ja darbinieku skaits ir virs 249 un izpild\u0101s viens no finan\u0161u r\u0101d\u012bt\u0101jiem:<\/p>\n<ul>\n<li>gada apgroz\u012bjums ir vair\u0101k nek\u0101 50 milj. <i>euro <\/i>un\/vai \u00a0<\/li>\n<li>bilances v\u0113rt\u012bba ir vair\u0101k par 43 milj. <i>euro<\/i>.<\/li>\n<\/ul>\n<p>** <b>S\u012bkie jeb mikrouz\u0146\u0113mumi<\/b> tiek defin\u0113ti k\u0101 uz\u0146\u0113mumi, kas nodarbina maz\u0101k nek\u0101 10 personas un kuru gada apgroz\u012bjums vai gada kopsavilkuma bilance nep\u0101rsniedz 2 milj. <i>euro<\/i>. <\/p>\n<p><b>Mazie uz\u0146\u0113mumi<\/b> tiek defin\u0113ti k\u0101 uz\u0146\u0113mumi, kas nodarbina maz\u0101k nek\u0101 50 personas un kuru gada apgroz\u012bjums vai gada kopsavilkuma bilance nep\u0101rsniedz 10 milj. <i>euro<\/i>. <\/p>\n<p><b>Vid\u0113jie uz\u0146\u0113mumi<\/b> tiek defin\u0113ti k\u0101 uz\u0146\u0113mumi, kas nodarbina maz\u0101k nek\u0101 250 personas un kuru gada apgroz\u012bjums nep\u0101rsniedz 50 milj. <i>euro<\/i> vai gada kopsavilkuma bilance nep\u0101rsniedz 43 milj. <i>euro<\/i><\/p>\n<p><b>!<\/b> Kategorijas noteik\u0161anai uz\u0146\u0113muma dati tiek skait\u012bti kop\u0101 ar saist\u012btajiem uz\u0146\u0113mumiem un partneruz\u0146\u0113mumiem. Gad\u012bjumos, kad p\u0113c darbinieku skaita uz\u0146\u0113mums b\u016btu vien\u0101 kategorij\u0101, bet p\u0113c finan\u0161u datiem cit\u0101, j\u0101izv\u0113las augst\u0101k\u0101 kategorija.<\/p>\n<p>Valsts att\u012bst\u012bbas finan\u0161u instit\u016bcijas \u201cAltum\u201d katra konkr\u0113t\u0101 finan\u0161u atbalsta instrumenta pie\u0161\u0137ir\u0161anas nosac\u012bjumi, atbalsta summas apm\u0113rs, atmaksas termi\u0146i un citi nosac\u012bjumi ir nosak\u0101mi, \u0146emot v\u0113r\u0101 komersanta darb\u012bbas nozares specifiku un citus aspektus.<\/p>\n<h1> <b><\/b><b><\/b> <\/h1>\n<p><b>Micro enterprises<\/b> are enterprises  that employ less than 10 employees and whose annual turnover or annual  balance sheet value does not exceed 2 million euros. <\/p>\n<p><b>Small enterprises<\/b> are enterprises that employ less  than 50 employees and whose annual turnover or annual balance sheet value  does not exceed 10 million euros. <\/p>\n<p><b>Medium enterprises<\/b> are enterprises that employ less  than 250 employees and whose annual turnover does not exceed 50 million euro  or annual balance sheet value does not exceed 43 million euros.<\/p>\n<p><b>!<\/b> To determine the category, the company data  are summarised with the related companies and partner companies. If the  company, based on the number of employees, would be included in one category,  but, based on the financial data, in another, a higher category shall be  selected.<\/p>\n<p>Conditions to  provide each financial support instrument set by the State Development  Financial Institutions \u201cAltum\u201d, the amount of support, repayment term and  other conditions shall be determined considering the specifics of the  enterprise\u2019s operations and other aspects.<\/p>\n<\/td>\n<\/tr>\n<\/tbody>\n<\/table><\/div>\n","protected":false},"excerpt":{"rendered":"<p>Atbalsts kr\u012bzes skart\u0101m nozar\u0113m Valsts un pa\u0161vald\u012bbas iest\u0101des nomas maksas atbr\u012bvojums vai samazin\u0101jums \u00a0 Valsts un pa\u0161vald\u012bbu iest\u0101des, k\u0101 ar\u012b kapit\u0101lsabiedr\u012bbas uz likuma darb\u012bbas laiku atbr\u012bvo kr\u012bzes skarto nozaru komersantus no nomas maksas vai lemj par nomas maksas samazin\u0101jumu. Nomas maksas samazin\u0101jumam vai atbr\u012bvojumam ir ties\u012bgi kvalific\u0113ties tie komersanti, kas atbilst noteikumos un konkr\u0113tas pa\u0161vald\u012bbas [&hellip;]<\/p>\n","protected":false},"author":13,"featured_media":0,"comment_status":"open","ping_status":"open","sticky":false,"template":"","format":"standard","meta":{"_acf_changed":false,"inline_featured_image":false,"footnotes":""},"categories":[1],"tags":[],"coauthors":[],"class_list":["post-3648","post","type-post","status-publish","format-standard","hentry","category-uncategorized"],"acf":[],"yoast_head":"<!-- This site is optimized with the Yoast SEO plugin v25.5 - https:\/\/yoast.com\/wordpress\/plugins\/seo\/ -->\n<title>pieejams valsts atbalsts saist\u012bb\u0101 ar covid19 \/apr\u012blis 2021\/ &#8211; Leinonen Latvia<\/title>\n<meta name=\"robots\" content=\"index, follow, max-snippet:-1, max-image-preview:large, max-video-preview:-1\" \/>\n<link rel=\"canonical\" href=\"https:\/\/leinonen.eu\/lva\/lv\/news\/pieejams-valsts-atbalsts-saistiba-ar-covid-19\/\" \/>\n<meta property=\"og:locale\" content=\"lv_LV\" \/>\n<meta property=\"og:type\" content=\"article\" \/>\n<meta property=\"og:title\" content=\"pieejams valsts atbalsts saist\u012bb\u0101 ar covid19 \/apr\u012blis 2021\/ &#8211; Leinonen Latvia\" \/>\n<meta property=\"og:description\" content=\"Atbalsts kr\u012bzes skart\u0101m nozar\u0113m Valsts un pa\u0161vald\u012bbas iest\u0101des nomas maksas atbr\u012bvojums vai samazin\u0101jums \u00a0 Valsts un pa\u0161vald\u012bbu iest\u0101des, k\u0101 ar\u012b kapit\u0101lsabiedr\u012bbas uz likuma darb\u012bbas laiku atbr\u012bvo kr\u012bzes skarto nozaru komersantus no nomas maksas vai lemj par nomas maksas samazin\u0101jumu. Nomas maksas samazin\u0101jumam vai atbr\u012bvojumam ir ties\u012bgi kvalific\u0113ties tie komersanti, kas atbilst noteikumos un konkr\u0113tas pa\u0161vald\u012bbas [&hellip;]\" \/>\n<meta property=\"og:url\" content=\"https:\/\/leinonen.eu\/lva\/lv\/news\/pieejams-valsts-atbalsts-saistiba-ar-covid-19\/\" \/>\n<meta property=\"og:site_name\" content=\"Leinonen Latvia\" \/>\n<meta property=\"article:published_time\" content=\"2021-04-26T00:00:00+00:00\" \/>\n<meta name=\"author\" content=\"Ilona Adamaite\" \/>\n<meta name=\"twitter:card\" content=\"summary_large_image\" \/>\n<meta name=\"twitter:creator\" content=\"@leinonengroup\" \/>\n<meta name=\"twitter:site\" content=\"@leinonengroup\" \/>\n<meta name=\"twitter:label1\" content=\"Written by\" \/>\n\t<meta name=\"twitter:data1\" content=\"Ilona Adamaite\" \/>\n\t<meta name=\"twitter:label2\" content=\"Est. reading time\" \/>\n\t<meta name=\"twitter:data2\" content=\"14 minutes\" \/>\n<script type=\"application\/ld+json\" class=\"yoast-schema-graph\">{\"@context\":\"https:\/\/schema.org\",\"@graph\":[{\"@type\":\"WebPage\",\"@id\":\"https:\/\/leinonen.eu\/lva\/lv\/news\/pieejams-valsts-atbalsts-saistiba-ar-covid-19\/\",\"url\":\"https:\/\/leinonen.eu\/lva\/lv\/news\/pieejams-valsts-atbalsts-saistiba-ar-covid-19\/\",\"name\":\"pieejams valsts atbalsts saist\u012bb\u0101 ar covid19 \/apr\u012blis 2021\/ &#8211; Leinonen Latvia\",\"isPartOf\":{\"@id\":\"https:\/\/leinonen.eu\/lva\/lv\/#website\"},\"datePublished\":\"2021-04-26T00:00:00+00:00\",\"author\":{\"@id\":\"https:\/\/leinonen.eu\/lva\/lv\/#\/schema\/person\/d1269ea43db1ba2ed808cfa80c615244\"},\"breadcrumb\":{\"@id\":\"https:\/\/leinonen.eu\/lva\/lv\/news\/pieejams-valsts-atbalsts-saistiba-ar-covid-19\/#breadcrumb\"},\"inLanguage\":\"lv-LV\",\"potentialAction\":[{\"@type\":\"ReadAction\",\"target\":[\"https:\/\/leinonen.eu\/lva\/lv\/news\/pieejams-valsts-atbalsts-saistiba-ar-covid-19\/\"]}]},{\"@type\":\"BreadcrumbList\",\"@id\":\"https:\/\/leinonen.eu\/lva\/lv\/news\/pieejams-valsts-atbalsts-saistiba-ar-covid-19\/#breadcrumb\",\"itemListElement\":[{\"@type\":\"ListItem\",\"position\":1,\"name\":\"Home\",\"item\":\"https:\/\/leinonen.eu\/lva\/lv\/home\/\"},{\"@type\":\"ListItem\",\"position\":2,\"name\":\"pieejams valsts atbalsts saist\u012bb\u0101 ar covid19 \/apr\u012blis 2021\/\"}]},{\"@type\":\"WebSite\",\"@id\":\"https:\/\/leinonen.eu\/lva\/lv\/#website\",\"url\":\"https:\/\/leinonen.eu\/lva\/lv\/\",\"name\":\"Leinonen Latvia\",\"description\":\"\",\"potentialAction\":[{\"@type\":\"SearchAction\",\"target\":{\"@type\":\"EntryPoint\",\"urlTemplate\":\"https:\/\/leinonen.eu\/lva\/lv\/?s={search_term_string}\"},\"query-input\":{\"@type\":\"PropertyValueSpecification\",\"valueRequired\":true,\"valueName\":\"search_term_string\"}}],\"inLanguage\":\"lv-LV\"},{\"@type\":\"Person\",\"@id\":\"https:\/\/leinonen.eu\/lva\/lv\/#\/schema\/person\/d1269ea43db1ba2ed808cfa80c615244\",\"name\":\"Ilona Adamaite\",\"image\":{\"@type\":\"ImageObject\",\"inLanguage\":\"lv-LV\",\"@id\":\"https:\/\/leinonen.eu\/lva\/lv\/#\/schema\/person\/image\/c4072f36b5dfa525e2483ab3e432bfcf\",\"url\":\"https:\/\/secure.gravatar.com\/avatar\/6d1939ae2254334c900f638e7034d9ccea6d28a92321b22cdd78bb741fc39d5c?s=96&d=mm&r=g\",\"contentUrl\":\"https:\/\/secure.gravatar.com\/avatar\/6d1939ae2254334c900f638e7034d9ccea6d28a92321b22cdd78bb741fc39d5c?s=96&d=mm&r=g\",\"caption\":\"Ilona Adamaite\"},\"url\":\"https:\/\/leinonen.eu\/lva\/lv\/news\/author\/ilona-adamaite\/\"}]}<\/script>\n<!-- \/ Yoast SEO plugin. -->","yoast_head_json":{"title":"pieejams valsts atbalsts saist\u012bb\u0101 ar covid19 \/apr\u012blis 2021\/ &#8211; Leinonen Latvia","robots":{"index":"index","follow":"follow","max-snippet":"max-snippet:-1","max-image-preview":"max-image-preview:large","max-video-preview":"max-video-preview:-1"},"canonical":"https:\/\/leinonen.eu\/lva\/lv\/news\/pieejams-valsts-atbalsts-saistiba-ar-covid-19\/","og_locale":"lv_LV","og_type":"article","og_title":"pieejams valsts atbalsts saist\u012bb\u0101 ar covid19 \/apr\u012blis 2021\/ &#8211; Leinonen Latvia","og_description":"Atbalsts kr\u012bzes skart\u0101m nozar\u0113m Valsts un pa\u0161vald\u012bbas iest\u0101des nomas maksas atbr\u012bvojums vai samazin\u0101jums \u00a0 Valsts un pa\u0161vald\u012bbu iest\u0101des, k\u0101 ar\u012b kapit\u0101lsabiedr\u012bbas uz likuma darb\u012bbas laiku atbr\u012bvo kr\u012bzes skarto nozaru komersantus no nomas maksas vai lemj par nomas maksas samazin\u0101jumu. Nomas maksas samazin\u0101jumam vai atbr\u012bvojumam ir ties\u012bgi kvalific\u0113ties tie komersanti, kas atbilst noteikumos un konkr\u0113tas pa\u0161vald\u012bbas [&hellip;]","og_url":"https:\/\/leinonen.eu\/lva\/lv\/news\/pieejams-valsts-atbalsts-saistiba-ar-covid-19\/","og_site_name":"Leinonen Latvia","article_published_time":"2021-04-26T00:00:00+00:00","author":"Ilona Adamaite","twitter_card":"summary_large_image","twitter_creator":"@leinonengroup","twitter_site":"@leinonengroup","twitter_misc":{"Written by":"Ilona Adamaite","Est. reading time":"14 minutes"},"schema":{"@context":"https:\/\/schema.org","@graph":[{"@type":"WebPage","@id":"https:\/\/leinonen.eu\/lva\/lv\/news\/pieejams-valsts-atbalsts-saistiba-ar-covid-19\/","url":"https:\/\/leinonen.eu\/lva\/lv\/news\/pieejams-valsts-atbalsts-saistiba-ar-covid-19\/","name":"pieejams valsts atbalsts saist\u012bb\u0101 ar covid19 \/apr\u012blis 2021\/ &#8211; Leinonen Latvia","isPartOf":{"@id":"https:\/\/leinonen.eu\/lva\/lv\/#website"},"datePublished":"2021-04-26T00:00:00+00:00","author":{"@id":"https:\/\/leinonen.eu\/lva\/lv\/#\/schema\/person\/d1269ea43db1ba2ed808cfa80c615244"},"breadcrumb":{"@id":"https:\/\/leinonen.eu\/lva\/lv\/news\/pieejams-valsts-atbalsts-saistiba-ar-covid-19\/#breadcrumb"},"inLanguage":"lv-LV","potentialAction":[{"@type":"ReadAction","target":["https:\/\/leinonen.eu\/lva\/lv\/news\/pieejams-valsts-atbalsts-saistiba-ar-covid-19\/"]}]},{"@type":"BreadcrumbList","@id":"https:\/\/leinonen.eu\/lva\/lv\/news\/pieejams-valsts-atbalsts-saistiba-ar-covid-19\/#breadcrumb","itemListElement":[{"@type":"ListItem","position":1,"name":"Home","item":"https:\/\/leinonen.eu\/lva\/lv\/home\/"},{"@type":"ListItem","position":2,"name":"pieejams valsts atbalsts saist\u012bb\u0101 ar covid19 \/apr\u012blis 2021\/"}]},{"@type":"WebSite","@id":"https:\/\/leinonen.eu\/lva\/lv\/#website","url":"https:\/\/leinonen.eu\/lva\/lv\/","name":"Leinonen Latvia","description":"","potentialAction":[{"@type":"SearchAction","target":{"@type":"EntryPoint","urlTemplate":"https:\/\/leinonen.eu\/lva\/lv\/?s={search_term_string}"},"query-input":{"@type":"PropertyValueSpecification","valueRequired":true,"valueName":"search_term_string"}}],"inLanguage":"lv-LV"},{"@type":"Person","@id":"https:\/\/leinonen.eu\/lva\/lv\/#\/schema\/person\/d1269ea43db1ba2ed808cfa80c615244","name":"Ilona Adamaite","image":{"@type":"ImageObject","inLanguage":"lv-LV","@id":"https:\/\/leinonen.eu\/lva\/lv\/#\/schema\/person\/image\/c4072f36b5dfa525e2483ab3e432bfcf","url":"https:\/\/secure.gravatar.com\/avatar\/6d1939ae2254334c900f638e7034d9ccea6d28a92321b22cdd78bb741fc39d5c?s=96&d=mm&r=g","contentUrl":"https:\/\/secure.gravatar.com\/avatar\/6d1939ae2254334c900f638e7034d9ccea6d28a92321b22cdd78bb741fc39d5c?s=96&d=mm&r=g","caption":"Ilona Adamaite"},"url":"https:\/\/leinonen.eu\/lva\/lv\/news\/author\/ilona-adamaite\/"}]}},"_links":{"self":[{"href":"https:\/\/leinonen.eu\/lva\/lv\/wp-json\/wp\/v2\/posts\/3648","targetHints":{"allow":["GET"]}}],"collection":[{"href":"https:\/\/leinonen.eu\/lva\/lv\/wp-json\/wp\/v2\/posts"}],"about":[{"href":"https:\/\/leinonen.eu\/lva\/lv\/wp-json\/wp\/v2\/types\/post"}],"author":[{"embeddable":true,"href":"https:\/\/leinonen.eu\/lva\/lv\/wp-json\/wp\/v2\/users\/13"}],"replies":[{"embeddable":true,"href":"https:\/\/leinonen.eu\/lva\/lv\/wp-json\/wp\/v2\/comments?post=3648"}],"version-history":[{"count":0,"href":"https:\/\/leinonen.eu\/lva\/lv\/wp-json\/wp\/v2\/posts\/3648\/revisions"}],"wp:attachment":[{"href":"https:\/\/leinonen.eu\/lva\/lv\/wp-json\/wp\/v2\/media?parent=3648"}],"wp:term":[{"taxonomy":"category","embeddable":true,"href":"https:\/\/leinonen.eu\/lva\/lv\/wp-json\/wp\/v2\/categories?post=3648"},{"taxonomy":"post_tag","embeddable":true,"href":"https:\/\/leinonen.eu\/lva\/lv\/wp-json\/wp\/v2\/tags?post=3648"},{"taxonomy":"author","embeddable":true,"href":"https:\/\/leinonen.eu\/lva\/lv\/wp-json\/wp\/v2\/coauthors?post=3648"}],"curies":[{"name":"wp","href":"https:\/\/api.w.org\/{rel}","templated":true}]}}