{"id":3668,"date":"2019-12-12T00:00:00","date_gmt":"2019-12-12T00:00:00","guid":{"rendered":"https:\/\/new.leinonen.eu\/lva\/darba-attiecibu-izbeigsana-gadijumos-kad-darbiniekam-nav-pietiekamu-profesionalo-speju-noligta-darba-veiksanai\/"},"modified":"2019-12-12T00:00:00","modified_gmt":"2019-12-12T00:00:00","slug":"darba-attiecibu-izbeigsana-gadijumos-kad-darbiniekam-nav-pietiekamu-profesionalo-speju-noligta-darba-veiksanai","status":"publish","type":"post","link":"https:\/\/leinonen.eu\/lva\/lv\/news\/darba-attiecibu-izbeigsana-gadijumos-kad-darbiniekam-nav-pietiekamu-profesionalo-speju-noligta-darba-veiksanai\/","title":{"rendered":"Darba attiec\u012bbu izbeig\u0161ana gad\u012bjumos, kad darbiniekam nav pietiekamu profesion\u0101lo sp\u0113ju nol\u012bgt\u0101 darba veik\u0161anai"},"content":{"rendered":"<div>\n<div>Darba l\u012bguma izbeig\u0161ana ir at\u013cauta tikai Darba likum\u0101 noteiktos gad\u012bjumos un k\u0101rt\u012bb\u0101. Ja darbiniekam nav pietiekamu profesion\u0101lo sp\u0113ju nol\u012bgt\u0101 darba veik\u0161anai, darba dev\u0113js ir ties\u012bgs izsniegt darba l\u012bguma uzteikumu (turpm\u0101k \u2013 Uzteikums), pamatojoties uz Darba likuma 101.panta pirm\u0101s da\u013cas 6.punku.<\/p>\n<p> <b>Darba l\u012bguma uzteik\u0161anas k\u0101rt\u012bba<\/b>  <\/p>\n<table border=\"0\" cellpadding=\"0\" cellspacing=\"0\">\n<tbody>\n<tr>\n<td colspan=\"2\">\n<p><b>Darb\u012bbas<\/b><\/p>\n<\/td>\n<td>\n<p><b>Apraksts<\/b><\/p>\n<\/td>\n<\/tr>\n<tr>\n<td valign=\"top\">\n<p>\u00a0<\/p>\n<p><b>1.<\/b><\/p>\n<\/td>\n<td valign=\"top\">\n<p><b>J\u0101izv\u0113rt\u0113  darbinieka profesion\u0101l\u0101s sp\u0113jas un to atbilst\u012bba nol\u012bgt\u0101 darba veik\u0161anai  nepiecie\u0161amaj\u0101m sp\u0113j\u0101m<\/b><\/p>\n<\/td>\n<td valign=\"top\">\n<p>&#8211; \u00a0  \u00a0 \u00a0 \u00a0 Darba dev\u0113jam j\u0101defin\u0113 skaidri darba pien\u0101kumi un  darbiniekam sasniedzamie m\u0113r\u0137i<\/p>\n<p>Darba  dev\u0113js var objekt\u012bvi izv\u0113rt\u0113t to, vai darbinieka profesion\u0101l\u0101s sp\u0113jas atbilst  t\u0101m sp\u0113j\u0101m, kas nepiecie\u0161amas nol\u012bgt\u0101 darba veik\u0161anai tikai tad, ja  darbinieks iepriek\u0161 ir bijis inform\u0113ts par pras\u012bb\u0101m, kas no darbinieka tiek  sagaid\u012btas attiec\u012bgaj\u0101 amat\u0101. T\u0101p\u0113c rekomend\u0113jams uzs\u0101kot darba attiec\u012bbas  darbiniekiem skaidri noteikt darba pien\u0101kumus, un ja atbilsto\u0161i amatam ar\u012b  skaidri sasniedzamus m\u0113r\u0137us.<\/p>\n<p>&#8211; \u00a0  \u00a0 \u00a0 \u00a0 Darbinieka profesion\u0101lo sp\u0113ju izv\u0113rt\u0113jums<\/p>\n<p>Darba  dev\u0113jam b\u016btu j\u0101veic darbinieka darba izpild\u012bjuma nov\u0113rt\u0113jums, lai izv\u0113rt\u0113tu,  vai darbinieks ir sp\u0113jis izpild\u012bt t\u0101s pras\u012bbas, kas no attiec\u012bgaj\u0101 nol\u012bgtaj\u0101  darb\u0101 tika sagaid\u012btas. Izv\u0113rt\u0113jums b\u016btu j\u0101veic rakstveid\u0101.<\/p>\n<p>Izv\u0113rt\u0113\u0161anas  procesam un krit\u0113rijiem b\u016btu j\u0101b\u016bt objekt\u012bviem, neitr\u0101liem un vienl\u012bdz\u012bgiem  starp darbiniekiem, lai izvair\u012btos no iesp\u0113jamiem str\u012bdiem, kas saist\u012bti ar  diskrimin\u0101ciju. <\/p>\n<p>Ja  izv\u0113rt\u0113\u0161anas laik\u0101 darba dev\u0113js konstat\u0113, ka darbiniekam nav nepiecie\u0161amo  profesion\u0101lo sp\u0113ju nol\u012bgt\u0101 amata veik\u0161anai, darba dev\u0113js ir ties\u012bgs izbeigt  darba l\u012bgumu. <\/p>\n<\/td>\n<\/tr>\n<tr>\n<td valign=\"top\">\n<p>\u00a0<\/p>\n<p><b>2.<\/b><\/p>\n<\/td>\n<td valign=\"top\">\n<p><b>Darbiniekam  j\u0101pied\u0101v\u0101 str\u0101d\u0101t cit\u0101 darb\u0101 pie darba dev\u0113ja vai t\u0101 saist\u012bt\u0101 uz\u0146\u0113mum\u0101 <\/b><\/p>\n<\/td>\n<td valign=\"top\">\n<p>Pirms  darba tiesisko attiec\u012bbu izbeig\u0161anas, darba dev\u0113jam j\u0101izv\u0113rt\u0113, vai darbinieku  var nodarbin\u0101t cit\u0101 darb\u0101, kas ir l\u012bdzv\u0113rt\u012bgs eso\u0161ajam darbam un kas atbilstu  konkr\u0113t\u0101 darbinieka kvalifik\u0101cijai \/ profesion\u0101laj\u0101m sp\u0113j\u0101m. T\u0101p\u0113c darba  dev\u0113jam j\u0101izv\u0113rt\u0113, vai ir \u0161\u0101das vakances darba dev\u0113ja uz\u0146\u0113mum\u0101 vai saist\u012bt\u0101  uz\u0146\u0113mum\u0101.<\/p>\n<p>Ja ir  \u0161\u0101das vakances, darba dev\u0113jam ir pien\u0101kums t\u0101s pied\u0101v\u0101t darbiniekam.  Ieteicams pied\u0101v\u0101jumu izteikt rakstveid\u0101. <\/p>\n<p><\/p>\n<p>Ja  darbinieks atsak\u0101s no pied\u0101v\u0101t\u0101s vakances, vai ja darba dev\u0113js konstat\u0113 ka  \u0161\u0101du vakan\u010du nav, tad darba dev\u0113js var turpin\u0101t darba l\u012bguma izbeig\u0161anas  procesu. Apst\u0101klis, ka darbinieks ir atteicies no vakances vai ka \u0161\u0101das  vakances nav b\u016btu j\u0101iek\u013cauj Uzteikum\u0101. <\/p>\n<\/td>\n<\/tr>\n<tr>\n<td valign=\"top\">\n<p>\u00a0<\/p>\n<p><b>3.<\/b><\/p>\n<\/td>\n<td valign=\"top\">\n<p><b>J\u0101izv\u0113rt\u0113  vai un cik ilgi darbinieks ir darbinieku arodbiedr\u012bbas biedrs<\/b><\/p>\n<\/td>\n<td valign=\"top\">\n<p>Darba  dev\u0113jam ir pien\u0101kums noskaidrot, vai darbinieks ir darbinieku arodbiedr\u012bbas  biedrs ilg\u0101k par 6 m\u0113ne\u0161iem. Piepras\u012bjumam sniegt inform\u0101ciju un darbinieka  atbildei b\u016btu j\u0101b\u016bt rakstveid\u0101.<\/p>\n<p>Ja  darbinieks ir arodbiedr\u012bbas biedrs ilg\u0101k par 6 m\u0113ne\u0161iem, tad darba dev\u0113jam ir  pien\u0101kums sa\u0146emt attiec\u012bg\u0101s arodbiedr\u012bbas piekri\u0161anu pirms darba l\u012bguma  uzteik\u0161anas.<\/p>\n<\/td>\n<\/tr>\n<tr>\n<td valign=\"top\">\n<p>\u00a0<\/p>\n<p><b>4.<\/b><\/p>\n<\/td>\n<td valign=\"top\">\n<p><b>Arodbiedr\u012bbas  at\u013caujas sa\u0146em\u0161ana (ja nepiecie\u0161ams)<\/b><\/p>\n<\/td>\n<td valign=\"top\">\n<p>Ja  nepiecie\u0161ama arodbiedr\u012bbas piekri\u0161ana, darba dev\u0113js iesniedz attiec\u012bgajai  arodbiedr\u012bbai piepras\u012bjumu, ar kuru l\u016bdz arodbiedr\u012bbas piekri\u0161anu darba  l\u012bguma uzteikumam. Ja 7 darba dienu laik\u0101 arodbiedr\u012bba neinform\u0113 darba dev\u0113ju  par savu l\u0113mumu, uzskat\u0101ms, ka arodbiedr\u012bba piekritusi darba l\u012bguma  izbeig\u0161anai. <\/p>\n<p><\/p>\n<p>Ja  darbinieku arodbiedr\u012bba nepiekr\u012bt darba l\u012bguma uzteikumam, viena m\u0113ne\u0161a laik\u0101  no atbildes sa\u0146em\u0161anas dienas darba dev\u0113js var celt pras\u012bbu ties\u0101 par darba  l\u012bguma izbeig\u0161anu.<\/p>\n<\/td>\n<\/tr>\n<tr>\n<td valign=\"top\">\n<p>\u00a0<\/p>\n<p><b>5.<\/b><\/p>\n<\/td>\n<td valign=\"top\">\n<p><b>Izv\u0113rt\u0113  apst\u0101k\u013cus, kuros aizliegts uzteikt darba l\u012bgumu<\/b><\/p>\n<\/td>\n<td valign=\"top\">\n<p>Pamatojoties  uz Darba likuma 101.panta pirm\u0101s da\u013cas 6.punktu, aizliegts uzteikt darba  l\u012bgumu \u0161\u0101dos gad\u012bjumos:<\/p>\n<p>&#8211; \u00a0  \u00a0 \u00a0 \u00a0 ar gr\u016btnieci, k\u0101 ar\u012b ar sievieti p\u0113cdzemd\u012bbu period\u0101  l\u012bdz 1 gadam, bet, ja sieviete baro b\u0113rnu ar kr\u016bti, \u2014 vis\u0101 baro\u0161anas laik\u0101,  bet ne ilg\u0101k k\u0101 l\u012bdz b\u0113rna 2 gadu vecumam<\/p>\n<p>\u00a0 <\/p>\n<p>&#8211; \u00a0  \u00a0 \u00a0 \u00a0 darbinieka p\u0101rejo\u0161as darbnesp\u0113jas laik\u0101 un laik\u0101, kad  darbinieks ir atva\u013cin\u0101jum\u0101 vai neveic darbu citu attaisnojo\u0161u iemeslu d\u0113\u013c.<\/p>\n<\/td>\n<\/tr>\n<tr>\n<td valign=\"top\">\n<p>\u00a0<\/p>\n<p><b>6.<\/b><\/p>\n<\/td>\n<td valign=\"top\">\n<p><b>Uzteikuma  pazi\u0146o\u0161ana<\/b><\/p>\n<p><b>\u00a0<\/b><\/p>\n<\/td>\n<td valign=\"top\">\n<p>Darba  dev\u0113js sagatavo Uzteikumu rakstveid\u0101 un pazi\u0146o to darbiniekam. Uzteikum\u0101  oblig\u0101ti nor\u0101d\u0101mi apst\u0101k\u013ci, uz kuru pamata darba l\u012bgums tiek uzteikts.<\/p>\n<p>Izbeidzot  l\u012bgumu, pamatojoties uz Darba likuma 101.panta pirm\u0101s da\u013cas 6.punktu,  Uzteikuma termi\u0146\u0161 ir 1 m\u0113nesis. <\/p>\n<p>Darba  dev\u0113js uzteikumu var pazi\u0146ot darbiniekam:<\/p>\n<p>&#8211; \u00a0  \u00a0 \u00a0 \u00a0 Personiski (ieteicams l\u016bgt darbiniekam parakst\u012bties uz  uzteikuma, apliecinot faktu, ka uzteikums ir sa\u0146emts);<\/p>\n<p>&#8211; \u00a0  \u00a0 \u00a0 \u00a0 Ja darbinieks atsak\u0101s personiski sa\u0146emt uzteikumu, darba  dev\u0113js darbiniekam var uzteikumu nolas\u012bt divu liecinieku kl\u0101tb\u016btn\u0113 un min\u0113to  uzteikuma nolas\u012b\u0161anas faktu fiks\u0113t akt\u0101;<\/p>\n<p>&#8211; \u00a0  \u00a0 \u00a0 \u00a0 Pa pastu k\u0101 ierakst\u012btu v\u0113stuli uz darbinieka adresi;  t\u0101d\u0101 gad\u012bjum\u0101 uzskat\u0101ms, ka uzteikums pazi\u0146ots sept\u012btaj\u0101 dien\u0101 p\u0113c s\u016bt\u012bjuma  nodo\u0161anas past\u0101;<\/p>\n<p>&#8211; \u00a0  \u00a0 \u00a0 \u00a0 Pa elektronisko pastu, izmantojot dro\u0161u elektronisko parakstu,  tikai gad\u012bjum\u0101, ja darba l\u012bgum\u0101 vai darba kopl\u012bgum\u0101 tie\u0161i noteiks, ka \u0161\u0101ds  sazi\u0146as veids pus\u0113m ir pie\u0146emams. T\u0101d\u0101 gad\u012bjum\u0101 uzskat\u0101ms, ka uzteikums  pazi\u0146ots otraj\u0101 darba dien\u0101 p\u0113c t\u0101 nos\u016bt\u012b\u0161anas.<\/p>\n<\/td>\n<\/tr>\n<tr>\n<td valign=\"top\">\n<p>\u00a0<\/p>\n<p><b>7.<\/b><\/p>\n<\/td>\n<td valign=\"top\">\n<p><b>Darbiniekam  pien\u0101ko\u0161o summu izmaksa<\/b><\/p>\n<\/td>\n<td valign=\"top\">\n<p>Darbiniekam  ir ties\u012bbas sa\u0146emt atlai\u0161anas pabalstu, k\u0101 apm\u0113rs tiek noteikts saska\u0146\u0101 ar  Darba l\u012bguma 112.pantu, vai attiec\u012bgo darba l\u012bgumu vai kopl\u012bgumu (ja  attiecin\u0101ms). <\/p>\n<p>Atlai\u0161anas  pabalsts un citas naudas summas (darba alga, neizmantot\u0101 atva\u013cin\u0101juma  kompens\u0101cija, neizmaks\u0101tie avansa maks\u0101jumi un citas summas, ja attiecin\u0101ms),  kas darbiniekam pien\u0101kas no darba dev\u0113ja, izmaks\u0101jamas p\u0113d\u0113j\u0101 darba dien\u0101.<\/p>\n<\/td>\n<\/tr>\n<\/tbody>\n<\/table>\n<p> <b>\u00a0<\/b><br \/> <b>Citi b\u016btiski aspekti, kas j\u0101\u0146em v\u0113r\u0101<\/b><\/p>\n<p> 1) \u00a0 \u00a0 J\u0101p\u0101rliecin\u0101s, ka konkr\u0113tais darba l\u012bgums vai kopl\u012bgums neparedz \u012bpa\u0161us nosac\u012bjumus darba l\u012bguma izbeig\u0161anai. <\/p>\n<p> 2) \u00a0 \u00a0 Nepiecie\u0161am\u0101s darb\u012bbas darba l\u012bguma uzteik\u0161anai ir j\u0101dokument\u0113, lai nodro\u0161in\u0101tu pier\u0101d\u012bjumus str\u012bdu gad\u012bjum\u0101 ar darbinieku. <\/p>\n<p> 3) \u00a0 \u00a0 Darbinieks var celt ties\u0101 pras\u012bbu par darba dev\u0113ja uzteikuma atz\u012b\u0161anu par sp\u0113k\u0101 neeso\u0161u 1 m\u0113ne\u0161a laik\u0101 no uzteikuma sa\u0146em\u0161anas dienas. Ja darba dev\u0113ja uzteikums nav tiesiski pamatots vai ir p\u0101rk\u0101pta noteikt\u0101 darba l\u012bguma uzteik\u0161anas k\u0101rt\u012bba, tas saska\u0146\u0101 ar tiesas spriedumu atz\u012bstams par sp\u0113k\u0101 neeso\u0161u un p\u0113c darbinieka l\u016bguma, tiesa var atjaunot darbinieku atpaka\u013c darb\u0101. <\/p>\n<p> 4) \u00a0 \u00a0 Str\u012bdu gad\u012bjum\u0101 ties\u0101 darba dev\u0113jam b\u016bs pien\u0101kums pier\u0101d\u012bt, ka darba l\u012bguma uzteikums ir tiesiski pamatots un atbilst noteiktajai darba l\u012bguma uzteik\u0161anas k\u0101rt\u012bbai. Ja darbinieks c\u0113lis pras\u012bbu par atjauno\u0161anu darb\u0101, darba dev\u0113jam ir pien\u0101kums pier\u0101d\u012bt, ka, atlai\u017eot darbinieku no darba, vi\u0146\u0161 nav p\u0101rk\u0101pis darbinieka ties\u012bbas turpin\u0101t darba tiesisk\u0101s attiec\u012bbas.<\/p>\n<p> <b>Ja Jums nepiecie\u0161ama pal\u012bdz\u012bba saist\u012bb\u0101 ar darba tiesisko attiec\u012bbu izbeig\u0161anu vai ja Jums ir citi jaut\u0101jumi saist\u012bb\u0101 ar darba ties\u012bb\u0101m, aicin\u0101m J\u016bs sazin\u0101ties ar Leinonen Latvia juristu komandu.<\/b><\/p>\n<p> Inform\u0101ciju sagatavoja Leinonen Latvija, Nodok\u013cu un Juridisko konsult\u0101ciju departaments.<\/p>\n<p>\u00a0<\/p><\/div>\n<p> <\/div>\n","protected":false},"excerpt":{"rendered":"<p>Darba l\u012bguma izbeig\u0161ana ir at\u013cauta tikai Darba likum\u0101 noteiktos gad\u012bjumos un k\u0101rt\u012bb\u0101. Ja darbiniekam nav pietiekamu profesion\u0101lo sp\u0113ju nol\u012bgt\u0101 darba veik\u0161anai, darba dev\u0113js ir ties\u012bgs izsniegt darba l\u012bguma uzteikumu (turpm\u0101k \u2013 Uzteikums), pamatojoties uz Darba likuma 101.panta pirm\u0101s da\u013cas 6.punku. Darba l\u012bguma uzteik\u0161anas k\u0101rt\u012bba Darb\u012bbas Apraksts \u00a0 1. J\u0101izv\u0113rt\u0113 darbinieka profesion\u0101l\u0101s sp\u0113jas un to atbilst\u012bba [&hellip;]<\/p>\n","protected":false},"author":20,"featured_media":0,"comment_status":"open","ping_status":"open","sticky":false,"template":"","format":"standard","meta":{"_acf_changed":false,"inline_featured_image":false,"footnotes":""},"categories":[1],"tags":[],"coauthors":[120],"class_list":["post-3668","post","type-post","status-publish","format-standard","hentry","category-uncategorized"],"acf":[],"yoast_head":"<!-- This site is optimized with the Yoast SEO plugin v25.5 - https:\/\/yoast.com\/wordpress\/plugins\/seo\/ -->\n<title>Darba attiec\u012bbu izbeig\u0161ana gad\u012bjumos, kad darbiniekam nav pietiekamu profesion\u0101lo sp\u0113ju nol\u012bgt\u0101 darba veik\u0161anai &#8211; Leinonen Latvia<\/title>\n<meta name=\"robots\" content=\"index, follow, max-snippet:-1, max-image-preview:large, max-video-preview:-1\" \/>\n<link rel=\"canonical\" href=\"https:\/\/leinonen.eu\/lva\/lv\/news\/darba-attiecibu-izbeigsana-gadijumos-kad-darbiniekam-nav-pietiekamu-profesionalo-speju-noligta-darba-veiksanai\/\" \/>\n<meta property=\"og:locale\" content=\"lv_LV\" \/>\n<meta property=\"og:type\" content=\"article\" \/>\n<meta property=\"og:title\" content=\"Darba attiec\u012bbu izbeig\u0161ana gad\u012bjumos, kad darbiniekam nav pietiekamu profesion\u0101lo sp\u0113ju nol\u012bgt\u0101 darba veik\u0161anai &#8211; Leinonen Latvia\" \/>\n<meta property=\"og:description\" content=\"Darba l\u012bguma izbeig\u0161ana ir at\u013cauta tikai Darba likum\u0101 noteiktos gad\u012bjumos un k\u0101rt\u012bb\u0101. Ja darbiniekam nav pietiekamu profesion\u0101lo sp\u0113ju nol\u012bgt\u0101 darba veik\u0161anai, darba dev\u0113js ir ties\u012bgs izsniegt darba l\u012bguma uzteikumu (turpm\u0101k \u2013 Uzteikums), pamatojoties uz Darba likuma 101.panta pirm\u0101s da\u013cas 6.punku. Darba l\u012bguma uzteik\u0161anas k\u0101rt\u012bba Darb\u012bbas Apraksts \u00a0 1. J\u0101izv\u0113rt\u0113 darbinieka profesion\u0101l\u0101s sp\u0113jas un to atbilst\u012bba [&hellip;]\" \/>\n<meta property=\"og:url\" content=\"https:\/\/leinonen.eu\/lva\/lv\/news\/darba-attiecibu-izbeigsana-gadijumos-kad-darbiniekam-nav-pietiekamu-profesionalo-speju-noligta-darba-veiksanai\/\" \/>\n<meta property=\"og:site_name\" content=\"Leinonen Latvia\" \/>\n<meta property=\"article:published_time\" content=\"2019-12-12T00:00:00+00:00\" \/>\n<meta name=\"author\" content=\"Marta Tilhena\" \/>\n<meta name=\"twitter:card\" content=\"summary_large_image\" \/>\n<meta name=\"twitter:creator\" content=\"@leinonengroup\" \/>\n<meta name=\"twitter:site\" content=\"@leinonengroup\" \/>\n<meta name=\"twitter:label1\" content=\"Written by\" \/>\n\t<meta name=\"twitter:data1\" content=\"Marta Tilhena\" \/>\n\t<meta name=\"twitter:label2\" content=\"Est. reading time\" \/>\n\t<meta name=\"twitter:data2\" content=\"6 minutes\" \/>\n<script type=\"application\/ld+json\" class=\"yoast-schema-graph\">{\"@context\":\"https:\/\/schema.org\",\"@graph\":[{\"@type\":\"WebPage\",\"@id\":\"https:\/\/leinonen.eu\/lva\/lv\/news\/darba-attiecibu-izbeigsana-gadijumos-kad-darbiniekam-nav-pietiekamu-profesionalo-speju-noligta-darba-veiksanai\/\",\"url\":\"https:\/\/leinonen.eu\/lva\/lv\/news\/darba-attiecibu-izbeigsana-gadijumos-kad-darbiniekam-nav-pietiekamu-profesionalo-speju-noligta-darba-veiksanai\/\",\"name\":\"Darba attiec\u012bbu izbeig\u0161ana gad\u012bjumos, kad darbiniekam nav pietiekamu profesion\u0101lo sp\u0113ju nol\u012bgt\u0101 darba veik\u0161anai &#8211; Leinonen Latvia\",\"isPartOf\":{\"@id\":\"https:\/\/leinonen.eu\/lva\/lv\/#website\"},\"datePublished\":\"2019-12-12T00:00:00+00:00\",\"author\":{\"@id\":\"https:\/\/leinonen.eu\/lva\/lv\/#\/schema\/person\/3587da3da8063d49d76f310aba863fa0\"},\"breadcrumb\":{\"@id\":\"https:\/\/leinonen.eu\/lva\/lv\/news\/darba-attiecibu-izbeigsana-gadijumos-kad-darbiniekam-nav-pietiekamu-profesionalo-speju-noligta-darba-veiksanai\/#breadcrumb\"},\"inLanguage\":\"lv-LV\",\"potentialAction\":[{\"@type\":\"ReadAction\",\"target\":[\"https:\/\/leinonen.eu\/lva\/lv\/news\/darba-attiecibu-izbeigsana-gadijumos-kad-darbiniekam-nav-pietiekamu-profesionalo-speju-noligta-darba-veiksanai\/\"]}]},{\"@type\":\"BreadcrumbList\",\"@id\":\"https:\/\/leinonen.eu\/lva\/lv\/news\/darba-attiecibu-izbeigsana-gadijumos-kad-darbiniekam-nav-pietiekamu-profesionalo-speju-noligta-darba-veiksanai\/#breadcrumb\",\"itemListElement\":[{\"@type\":\"ListItem\",\"position\":1,\"name\":\"Home\",\"item\":\"https:\/\/leinonen.eu\/lva\/lv\/home\/\"},{\"@type\":\"ListItem\",\"position\":2,\"name\":\"Darba attiec\u012bbu izbeig\u0161ana gad\u012bjumos, kad darbiniekam nav pietiekamu profesion\u0101lo sp\u0113ju nol\u012bgt\u0101 darba veik\u0161anai\"}]},{\"@type\":\"WebSite\",\"@id\":\"https:\/\/leinonen.eu\/lva\/lv\/#website\",\"url\":\"https:\/\/leinonen.eu\/lva\/lv\/\",\"name\":\"Leinonen Latvia\",\"description\":\"\",\"potentialAction\":[{\"@type\":\"SearchAction\",\"target\":{\"@type\":\"EntryPoint\",\"urlTemplate\":\"https:\/\/leinonen.eu\/lva\/lv\/?s={search_term_string}\"},\"query-input\":{\"@type\":\"PropertyValueSpecification\",\"valueRequired\":true,\"valueName\":\"search_term_string\"}}],\"inLanguage\":\"lv-LV\"},{\"@type\":\"Person\",\"@id\":\"https:\/\/leinonen.eu\/lva\/lv\/#\/schema\/person\/3587da3da8063d49d76f310aba863fa0\",\"name\":\"Marta Tilhena\",\"image\":{\"@type\":\"ImageObject\",\"inLanguage\":\"lv-LV\",\"@id\":\"https:\/\/leinonen.eu\/lva\/lv\/#\/schema\/person\/image\/7fa3c84b6024c3906693e341d8a96416\",\"url\":\"https:\/\/secure.gravatar.com\/avatar\/3afa46bcc21051b49240db9d291b6faf2270b650995bbb5302014b0e9b9fd116?s=96&d=mm&r=g\",\"contentUrl\":\"https:\/\/secure.gravatar.com\/avatar\/3afa46bcc21051b49240db9d291b6faf2270b650995bbb5302014b0e9b9fd116?s=96&d=mm&r=g\",\"caption\":\"Marta Tilhena\"},\"url\":\"https:\/\/leinonen.eu\/lva\/lv\/news\/author\/marta-tilhena\/\"}]}<\/script>\n<!-- \/ Yoast SEO plugin. -->","yoast_head_json":{"title":"Darba attiec\u012bbu izbeig\u0161ana gad\u012bjumos, kad darbiniekam nav pietiekamu profesion\u0101lo sp\u0113ju nol\u012bgt\u0101 darba veik\u0161anai &#8211; Leinonen Latvia","robots":{"index":"index","follow":"follow","max-snippet":"max-snippet:-1","max-image-preview":"max-image-preview:large","max-video-preview":"max-video-preview:-1"},"canonical":"https:\/\/leinonen.eu\/lva\/lv\/news\/darba-attiecibu-izbeigsana-gadijumos-kad-darbiniekam-nav-pietiekamu-profesionalo-speju-noligta-darba-veiksanai\/","og_locale":"lv_LV","og_type":"article","og_title":"Darba attiec\u012bbu izbeig\u0161ana gad\u012bjumos, kad darbiniekam nav pietiekamu profesion\u0101lo sp\u0113ju nol\u012bgt\u0101 darba veik\u0161anai &#8211; Leinonen Latvia","og_description":"Darba l\u012bguma izbeig\u0161ana ir at\u013cauta tikai Darba likum\u0101 noteiktos gad\u012bjumos un k\u0101rt\u012bb\u0101. Ja darbiniekam nav pietiekamu profesion\u0101lo sp\u0113ju nol\u012bgt\u0101 darba veik\u0161anai, darba dev\u0113js ir ties\u012bgs izsniegt darba l\u012bguma uzteikumu (turpm\u0101k \u2013 Uzteikums), pamatojoties uz Darba likuma 101.panta pirm\u0101s da\u013cas 6.punku. Darba l\u012bguma uzteik\u0161anas k\u0101rt\u012bba Darb\u012bbas Apraksts \u00a0 1. J\u0101izv\u0113rt\u0113 darbinieka profesion\u0101l\u0101s sp\u0113jas un to atbilst\u012bba [&hellip;]","og_url":"https:\/\/leinonen.eu\/lva\/lv\/news\/darba-attiecibu-izbeigsana-gadijumos-kad-darbiniekam-nav-pietiekamu-profesionalo-speju-noligta-darba-veiksanai\/","og_site_name":"Leinonen Latvia","article_published_time":"2019-12-12T00:00:00+00:00","author":"Marta Tilhena","twitter_card":"summary_large_image","twitter_creator":"@leinonengroup","twitter_site":"@leinonengroup","twitter_misc":{"Written by":"Marta Tilhena","Est. reading time":"6 minutes"},"schema":{"@context":"https:\/\/schema.org","@graph":[{"@type":"WebPage","@id":"https:\/\/leinonen.eu\/lva\/lv\/news\/darba-attiecibu-izbeigsana-gadijumos-kad-darbiniekam-nav-pietiekamu-profesionalo-speju-noligta-darba-veiksanai\/","url":"https:\/\/leinonen.eu\/lva\/lv\/news\/darba-attiecibu-izbeigsana-gadijumos-kad-darbiniekam-nav-pietiekamu-profesionalo-speju-noligta-darba-veiksanai\/","name":"Darba attiec\u012bbu izbeig\u0161ana gad\u012bjumos, kad darbiniekam nav pietiekamu profesion\u0101lo sp\u0113ju nol\u012bgt\u0101 darba veik\u0161anai &#8211; Leinonen Latvia","isPartOf":{"@id":"https:\/\/leinonen.eu\/lva\/lv\/#website"},"datePublished":"2019-12-12T00:00:00+00:00","author":{"@id":"https:\/\/leinonen.eu\/lva\/lv\/#\/schema\/person\/3587da3da8063d49d76f310aba863fa0"},"breadcrumb":{"@id":"https:\/\/leinonen.eu\/lva\/lv\/news\/darba-attiecibu-izbeigsana-gadijumos-kad-darbiniekam-nav-pietiekamu-profesionalo-speju-noligta-darba-veiksanai\/#breadcrumb"},"inLanguage":"lv-LV","potentialAction":[{"@type":"ReadAction","target":["https:\/\/leinonen.eu\/lva\/lv\/news\/darba-attiecibu-izbeigsana-gadijumos-kad-darbiniekam-nav-pietiekamu-profesionalo-speju-noligta-darba-veiksanai\/"]}]},{"@type":"BreadcrumbList","@id":"https:\/\/leinonen.eu\/lva\/lv\/news\/darba-attiecibu-izbeigsana-gadijumos-kad-darbiniekam-nav-pietiekamu-profesionalo-speju-noligta-darba-veiksanai\/#breadcrumb","itemListElement":[{"@type":"ListItem","position":1,"name":"Home","item":"https:\/\/leinonen.eu\/lva\/lv\/home\/"},{"@type":"ListItem","position":2,"name":"Darba attiec\u012bbu izbeig\u0161ana gad\u012bjumos, kad darbiniekam nav pietiekamu profesion\u0101lo sp\u0113ju nol\u012bgt\u0101 darba veik\u0161anai"}]},{"@type":"WebSite","@id":"https:\/\/leinonen.eu\/lva\/lv\/#website","url":"https:\/\/leinonen.eu\/lva\/lv\/","name":"Leinonen Latvia","description":"","potentialAction":[{"@type":"SearchAction","target":{"@type":"EntryPoint","urlTemplate":"https:\/\/leinonen.eu\/lva\/lv\/?s={search_term_string}"},"query-input":{"@type":"PropertyValueSpecification","valueRequired":true,"valueName":"search_term_string"}}],"inLanguage":"lv-LV"},{"@type":"Person","@id":"https:\/\/leinonen.eu\/lva\/lv\/#\/schema\/person\/3587da3da8063d49d76f310aba863fa0","name":"Marta Tilhena","image":{"@type":"ImageObject","inLanguage":"lv-LV","@id":"https:\/\/leinonen.eu\/lva\/lv\/#\/schema\/person\/image\/7fa3c84b6024c3906693e341d8a96416","url":"https:\/\/secure.gravatar.com\/avatar\/3afa46bcc21051b49240db9d291b6faf2270b650995bbb5302014b0e9b9fd116?s=96&d=mm&r=g","contentUrl":"https:\/\/secure.gravatar.com\/avatar\/3afa46bcc21051b49240db9d291b6faf2270b650995bbb5302014b0e9b9fd116?s=96&d=mm&r=g","caption":"Marta Tilhena"},"url":"https:\/\/leinonen.eu\/lva\/lv\/news\/author\/marta-tilhena\/"}]}},"_links":{"self":[{"href":"https:\/\/leinonen.eu\/lva\/lv\/wp-json\/wp\/v2\/posts\/3668","targetHints":{"allow":["GET"]}}],"collection":[{"href":"https:\/\/leinonen.eu\/lva\/lv\/wp-json\/wp\/v2\/posts"}],"about":[{"href":"https:\/\/leinonen.eu\/lva\/lv\/wp-json\/wp\/v2\/types\/post"}],"author":[{"embeddable":true,"href":"https:\/\/leinonen.eu\/lva\/lv\/wp-json\/wp\/v2\/users\/20"}],"replies":[{"embeddable":true,"href":"https:\/\/leinonen.eu\/lva\/lv\/wp-json\/wp\/v2\/comments?post=3668"}],"version-history":[{"count":0,"href":"https:\/\/leinonen.eu\/lva\/lv\/wp-json\/wp\/v2\/posts\/3668\/revisions"}],"wp:attachment":[{"href":"https:\/\/leinonen.eu\/lva\/lv\/wp-json\/wp\/v2\/media?parent=3668"}],"wp:term":[{"taxonomy":"category","embeddable":true,"href":"https:\/\/leinonen.eu\/lva\/lv\/wp-json\/wp\/v2\/categories?post=3668"},{"taxonomy":"post_tag","embeddable":true,"href":"https:\/\/leinonen.eu\/lva\/lv\/wp-json\/wp\/v2\/tags?post=3668"},{"taxonomy":"author","embeddable":true,"href":"https:\/\/leinonen.eu\/lva\/lv\/wp-json\/wp\/v2\/coauthors?post=3668"}],"curies":[{"name":"wp","href":"https:\/\/api.w.org\/{rel}","templated":true}]}}