{"id":4487,"date":"2023-01-11T13:14:00","date_gmt":"2023-01-11T13:14:00","guid":{"rendered":"https:\/\/leinonen.eu\/lva\/?p=4487"},"modified":"2023-02-03T13:17:53","modified_gmt":"2023-02-03T13:17:53","slug":"atbalsts-uznemumiem-kara-radito-seku-mazinasanai","status":"publish","type":"post","link":"https:\/\/leinonen.eu\/lva\/lv\/news\/atbalsts-uznemumiem-kara-radito-seku-mazinasanai\/","title":{"rendered":"ATBALSTS UZ\u0145\u0112MUMIEM KARA RAD\u012aTO SEKU MAZIN\u0100\u0160ANAI"},"content":{"rendered":"\n<p>Jau vair\u0101k k\u0101 m\u0113nesi uz\u0146\u0113m\u0113jiem atv\u0113rta pieteik\u0161an\u0101s valsts atbalsta programm\u0101m, kas izveidotas ar m\u0113r\u0137i mazin\u0101t Krievijas milit\u0101r\u0101s agresijas pret Ukrainu rad\u012bt\u0101s sekas uz ekonomiku.<br><br>Atbalsta programmas \u012bsteno akciju sabiedr\u012bba \u201cAtt\u012bst\u012bbas finan\u0161u instit\u016bcija Altum\u201d (turpm\u0101k &#8211; ALTUM).<br><br>Atbalstam var pretend\u0113t Latvij\u0101 re\u0123istr\u0113ti dz\u012bvotsp\u0113j\u012bgi saimniecisk\u0101s darb\u012bbas veic\u0113ji, kuru darb\u012bba cietusi Krievijas agresijas pret Ukrainu rezult\u0101t\u0101, kas izpau\u017eas k\u0101 piepras\u012bjuma samazin\u0101\u0161an\u0101s, l\u012bgumu darb\u012bbas p\u0101rtrauk\u0161ana, apgroz\u012bjuma samazin\u0101\u0161an\u0101s, trauc\u0113jumi pieg\u0101des \u0137\u0113d\u0113s, cenu pieaugums un turpm\u0101ko invest\u012bciju ierobe\u017eojums.<br><br>Atbalsta pas\u0101kumi finan\u0161u instrumentu veid\u0101 atvieglos saimniecisk\u0101s darb\u012bbas veic\u0113ju turpm\u0101ko darb\u012bbu, nodro\u0161inot apgroz\u0101mo l\u012bdzek\u013cu pieejam\u012bbu un finans\u0113jumu likvidit\u0101tes stabiliz\u0113\u0161anai.<br>Atbalsts tiek sniegts aizdevuma un kred\u012bta garantijas veid\u0101.<br><br>Svar\u012bgi uzsv\u0113rt, ka par finans\u0113\u0161anas iesp\u0113j\u0101m (t.sk. izv\u0113rt\u0113jot ALTUM garantijas piesaist\u012b\u0161anu) saimniecisk\u0101s darb\u012bbas veic\u0113jam vispirms j\u0101v\u0113r\u0161as komercbank\u0101. Tikai tad, ja komercbanka uz\u0146\u0113mumam ir atteikusi, ir iesp\u0113ja pieteikties ALTUM aizdevumam.<br><\/p>\n\n\n\n<figure class=\"wp-block-table\"><table><tbody><tr><td>Atbalsta veids:<\/td><td><strong>ALTUM aizdevums<\/strong><\/td><td><strong>ALTUM kred\u012bta garantija&nbsp;<\/strong>kred\u012btiest\u0101des finans\u0113jumam<\/td><\/tr><tr><td>Atbalsta m\u0113r\u0137is:<\/td><td>Pret Ukrainu v\u0113rst\u0101s Krievijas milit\u0101r\u0101s agresijas rad\u012bto ekonomisko seku mazin\u0101\u0161anai.<\/td><\/tr><tr><td>Atbalstu var sa\u0146emt:<\/td><td>Latvij\u0101 re\u0123istr\u0113ti saimniecisk\u0101s darb\u012bbas veic\u0113ji no vis\u0101m kategorij\u0101m:\u00b7 &nbsp; &nbsp; &nbsp; s\u012bkie (mikro), mazie un vid\u0113jie uz\u0146\u0113mumi (MVU);\u00b7 &nbsp; &nbsp; &nbsp; lielie uz\u0146\u0113mumi;\u00b7 &nbsp; &nbsp; &nbsp; biedr\u012bbas un kooperat\u012bvi;\u00b7 &nbsp; &nbsp; &nbsp; lauksaimniec\u012bbas, zvejniec\u012bbas un akvakult\u016bras nozaru uz\u0146\u0113mumi.<\/td><\/tr><tr><td>Atbalsta programmas kop\u0113jais finans\u0113jums:<\/td><td>21,5 milj. EUR<\/td><td>12,5 milj. EUR<\/td><\/tr><tr><td>Finans\u0113juma veids:<\/td><td>\u00b7 &nbsp; &nbsp; &nbsp; apgroz\u0101miem l\u012bdzek\u013ciem;\u00b7 &nbsp; &nbsp; &nbsp; invest\u012bcij\u0101m.&nbsp;Aiz\u0146\u0113mums nedr\u012bkst b\u016bt novirz\u012bts citu aiz\u0146\u0113mumu refinans\u0113\u0161anai un pamatsummu maks\u0101jumiem, saist\u012bto uz\u0146\u0113mumu par\u0101du nomaksai, par\u0101du maks\u0101jumiem, dividen\u017eu izmaksai.<\/td><td>Kred\u012btiest\u0101des pie\u0161\u0137irtiem sekojo\u0161iem&nbsp;<strong>jauniem<\/strong>&nbsp;finan\u0161u pakalpojumiem:\u00b7 &nbsp; &nbsp; &nbsp; apgroz\u0101miem l\u012bdzek\u013ciem (t.sk. kred\u012btl\u012bnij\u0101m un overdraftiem);\u00b7 &nbsp; &nbsp; &nbsp; invest\u012bcij\u0101m;\u00b7 &nbsp; &nbsp; &nbsp; finan\u0161u l\u012bzingiem (t.sk. finan\u0161u l\u012bzinga limitiem).<\/td><\/tr><tr><td>Atbalsta summa vienam saimniecisk\u0101s darb\u012bbas veic\u0113jam:<\/td><td>L\u012bdz 3 milj. EUR.<\/td><td>Garantija sedz l\u012bdz 90% no kred\u012btiest\u0101des finans\u0113juma pamatsummas, bet nep\u0101rsniedzot 10 milj. EUR.&nbsp;<\/td><\/tr><tr><td>Atbalsta summas ierobe\u017eojumi:<\/td><td>Atbalsta apm\u0113rs saimniecisk\u0101s darb\u012bbas veic\u0113jam un ar to saist\u012bto personu grupai nedr\u012bkst p\u0101rsniegt vismaz vienu no \u0161\u0101diem saimniecisk\u0101s darb\u012bbas veic\u0113ja r\u0101d\u012bt\u0101jiem:15% no iepriek\u0161\u0113jo tr\u012bs nosl\u0113gto finan\u0161u gadu vid\u0113j\u0101 apgroz\u012bjuma*;50% no kop\u0113j\u0101m ener\u0123ijas izmaks\u0101m 12 m\u0113ne\u0161u laik\u0101 pirms atbalsta pieteikuma iesnieg\u0161anas m\u0113ne\u0161a*;likvidit\u0101tes vajadz\u012bbas turpm\u0101kajiem 12 m\u0113ne\u0161iem s\u012bkiem (mikro), maziem un vid\u0113jiem komersantiem vai 6 m\u0113ne\u0161iem lielajiem komersantiem (iz\u0146\u0113mums lielajiem komersantiem \u2013 likvidit\u0101tes vajadz\u012bbas turpm\u0101kajiem 12 m\u0113ne\u0161iem, ja ir j\u0101sniedz finan\u0161u nodro\u0161in\u0101jums tirdzniec\u012bbas darb\u012bb\u0101m ener\u0123ijas tirgos).&nbsp;*Jaundibin\u0101tiem uz\u0146\u0113mumiem apr\u0113\u0137inos tiek izmantots t\u0101 past\u0101v\u0113\u0161anas periods.<\/td><\/tr><tr><td>Termi\u0146\u0161:<\/td><td>\u00b7 &nbsp; &nbsp; &nbsp; apgroz\u0101miem l\u012bdzek\u013ciem &#8211; l\u012bdz 3 gadiem ar iesp\u0113ju pagarin\u0101t termi\u0146u par 1 gadu;\u00b7 &nbsp; &nbsp; &nbsp; invest\u012bcij\u0101m &#8211; l\u012bdz 6 gadiem.&nbsp;Ir iesp\u0113ja izmantot labv\u0113l\u012bbas jeb pamatsummas atlik\u0161anas periodu (tiek maks\u0101ti tikai procenti par aizdevuma izmanto\u0161anu) l\u012bdz 1 gadam, ar iesp\u0113ju pagarin\u0101t termi\u0146u v\u0113l par 1 gadu.<\/td><td>L\u012bdz 6 gadiem.<\/td><\/tr><tr><td>Nodro\u0161in\u0101jums:<\/td><td>Tiek piem\u0113rotas samazin\u0101tas nodro\u0161in\u0101juma pras\u012bbas, kas noz\u012bm\u0113, ka ALTUM izv\u0113rt\u0113s aizdevuma pie\u0161\u0137ir\u0161anu ar\u012b tad, ja tas neb\u016bs piln\u012bb\u0101 nodro\u0161in\u0101ts.<\/td><td>Nodro\u0161in\u0101juma pras\u012bbas nosaka kred\u012btiest\u0101des, ALTUM garantija kalpo k\u0101 papildu nodro\u0161in\u0101jums pie\u0161\u0137irtajam komercbanku finans\u0113jumam.<\/td><\/tr><tr><td>Nozares, kas programm\u0101 netiek atbalst\u012btas:&nbsp;<\/td><td>\u00b7 &nbsp; &nbsp; &nbsp; alkohola, iero\u010du un mun\u012bcijas tirdzniec\u012bba;\u00b7 &nbsp; &nbsp; &nbsp; tabakas izstr\u0101d\u0101jumu ra\u017eo\u0161ana un tirdzniec\u012bba;\u00b7 &nbsp; &nbsp; &nbsp; azartsp\u0113les un der\u012bbas, finan\u0161u un apdro\u0161in\u0101\u0161anas darb\u012bbas;\u00b7 &nbsp; &nbsp; &nbsp; oper\u0101cijas ar nekustamo \u012bpa\u0161umu un dz\u012bvojam\u0101 nekustam\u0101 \u012bpa\u0161uma att\u012bst\u012b\u0161ana;\u00b7 &nbsp; &nbsp; &nbsp; komercp\u0101rvad\u0101t\u0101jiem kravas autotransporta l\u012bdzek\u013ca ieg\u0101de;\u00b7 &nbsp; &nbsp; &nbsp; kred\u012btiest\u0101des vai citas finan\u0161u iest\u0101des.&nbsp;Ja komersants vienlaikus darbojas vien\u0101 vai vair\u0101k\u0101s atbalst\u0101maj\u0101s nozar\u0113s un izsl\u0113gtaj\u0101s nozar\u0113s vai veic neatbalst\u0101mas darb\u012bbas, tas var pretend\u0113t uz atbalstu, nodro\u0161inot darb\u012bbu vai izmaksu nodal\u012b\u0161anu.<\/td><td>\u00b7 &nbsp; &nbsp; &nbsp; alkohola, iero\u010du un mun\u012bcijas tirdzniec\u012bba;\u00b7 &nbsp; &nbsp; &nbsp; tabakas izstr\u0101d\u0101jumu ra\u017eo\u0161ana un tirdzniec\u012bba;\u00b7 &nbsp; &nbsp; &nbsp; azartsp\u0113les un der\u012bbas, finan\u0161u un apdro\u0161in\u0101\u0161anas darb\u012bbas;\u00b7 &nbsp; &nbsp; &nbsp; oper\u0101cijas ar nekustamo \u012bpa\u0161umu un dz\u012bvojam\u0101 nekustam\u0101 \u012bpa\u0161uma att\u012bst\u012b\u0161ana.&nbsp;<\/td><\/tr><tr><td>Ierobe\u017eojumi atbalsta sa\u0146em\u0161anai:<\/td><td>Uz atbalstu nevar\u0113s pretend\u0113t saimniecisk\u0101s darb\u012bbas veic\u0113ji, kuriem:\u00b7 &nbsp; &nbsp; &nbsp; nav pamatota Krievijas milit\u0101r\u0101s agresijas Ukrain\u0101 izrais\u012bto ekonomisko seku ietekme uz saimniecisko darb\u012bbu;\u00b7 &nbsp; &nbsp; &nbsp; piem\u0113rotas starptautisk\u0101s vai nacion\u0101l\u0101s sankcijas vai, kuros tie\u0161a vai netie\u0161a iz\u0161\u0137iro\u0161a ietekme ir person\u0101m no Krievijas vai Baltkrievijas;\u00b7 &nbsp; &nbsp; &nbsp; saimniecisk\u0101s darb\u012bbas veic\u0113js nav ekonomiski dz\u012bvotsp\u0113j\u012bgs;\u00b7 &nbsp; &nbsp; &nbsp; nodok\u013cu par\u0101di p\u0101rsniedz 1 t\u016bkst. EUR (neattiecas uz nodok\u013cu maks\u0101jumiem, kuriem ir pie\u0161\u0137irts samaksas termi\u0146a pagarin\u0101jums, nosl\u0113gta vieno\u0161an\u0101s par labpr\u0101t\u012bgu nodok\u013cu samaksu vai nosl\u0113gts vieno\u0161an\u0101s l\u012bgums);\u00b7 &nbsp; &nbsp; &nbsp; ir gr\u016bt\u012bb\u0101s non\u0101ku\u0161a uz\u0146\u0113muma paz\u012bmes \u2013 tas atbilst maks\u0101tnesp\u0113jas proced\u016bras ierosin\u0101\u0161anas krit\u0113rijiem; ar tiesas spriedumu ir pasludin\u0101ts maks\u0101tnesp\u0113jas process, tiek \u012bstenots tiesisk\u0101s aizsardz\u012bbas process vai \u0101rpustiesas tiesisk\u0101s aizsardz\u012bbas process; ar tiesas spriedumu ir s\u0101kta bankrota proced\u016bra, piem\u0113rota san\u0101cija vai mierizl\u012bgums; saimniecisk\u0101 darb\u012bba izbeigta.<\/td><\/tr><tr><td>Izmaksas:<\/td><td><strong>\u00b7 &nbsp; &nbsp; &nbsp;&nbsp;<\/strong><strong>gada procentu likme: 2,9% + 6 m\u0113n. EURIBOR;<\/strong><strong><\/strong>\u00b7 &nbsp; &nbsp; &nbsp; noform\u0113\u0161anas un izsnieg\u0161anas komisijas maksa: 0,6% no aizdevuma pamatsummas, min. 150 EUR.&nbsp;Netiek piem\u0113rota komisijas maksa par naudas l\u012bdzek\u013cu rezerv\u0113\u0161anu, k\u0101 ar\u012b nav komisijas maksas, ja aizdevums tiek atmaks\u0101ts pirms termi\u0146a (neattiecas uz saist\u012bbu refinans\u0113\u0161anu).<strong><\/strong><\/td><td>\u00b7 &nbsp; &nbsp; &nbsp;&nbsp;<strong>garantijas pr\u0113mija (vienreiz\u0113jums maks\u0101jums gad\u0101 par garantijas izmanto\u0161anu): 0,25% &#8211; 2% gad\u0101.<\/strong><\/td><\/tr><tr><td>Atbalsta kumul\u0101cijas (apvieno\u0161anas jeb kombin\u0113\u0161anas) nosac\u012bjumi:<\/td><td>Nevar apvienot ar sekojo\u0161u ALTUM atbalstu:a) attiec\u012bgu otru kara seku atbalsta programmu, lai mazin\u0101tu pret Ukrainu v\u0113rst\u0101s Krievijas milit\u0101r\u0101s agresijas rad\u012bt\u0101s sekas uz ekonomiku (aizdevumus ar garantij\u0101m un otr\u0101di);b) apgroz\u0101mo l\u012bdzek\u013cu aizdevumu un garantiju saimniecisk\u0101s darb\u012bbas veic\u0113jiem, kuru darb\u012bbu ietekm\u0113jusi Covid-19 izplat\u012bba.&nbsp;Saimniecisk\u0101s darb\u012bbas veic\u0113js var:a) sa\u0146emt vair\u0101kus kara seku atbalsta programmas aizdevums vai vair\u0101kas garantijas, nep\u0101rsniedzot maksim\u0101lo atbalsta summu un noteikto atbalsta apm\u0113ra nosac\u012bjumu robe\u017ev\u0113rt\u012bbas;b) kara seku atbalstu apvienot ar cit\u0101m atbalsta programm\u0101m, iev\u0113rojot \u0161o programmu nosac\u012bjumus un finans\u0113juma robe\u017ev\u0113rt\u012bbas \u0161o noteikumu ietvaros.<\/td><\/tr><tr><td>Atbalstu pie\u0161\u0137ir\u0161anas termi\u0146\u0161:<\/td><td>Termi\u0146\u0161 noteikts l\u012bdz 2022. gada 31. decembrim, bet 20. decembr\u012b vald\u012bba pie\u0146\u0113ma l\u0113mumu to pagarin\u0101t&nbsp;<strong>l\u012bdz 2023. gada 31. decembrim<\/strong>. L\u0113mumu v\u0113l nepiecie\u0161ams saska\u0146ot ar Eiropas Komisiju, t\u0101p\u0113c saimniecisk\u0101s darb\u012bbas veic\u0113jiem, iesp\u0113jams, n\u0101ksies r\u0113\u0137in\u0101ties ar nelielu \u201cp\u0101rr\u0101vumu\u201d atbalsta pie\u0161\u0137ir\u0161anas proces\u0101 2023. gada s\u0101kum\u0101.<\/td><\/tr><tr><td>ALTUM galvenie pamatprincipi un nosac\u012bjumi projektu izv\u0113rt\u0113\u0161an\u0101:&nbsp;<\/td><td>\u00b7 &nbsp; &nbsp; &nbsp; projekta atbilst\u012bbas noteik\u0161ana saska\u0146\u0101 ar atbalsta programmas noteikumiem;\u00b7 &nbsp; &nbsp; &nbsp; projekta realiz\u0101cijai nepiecie\u0161amo aktivit\u0101\u0161u un to \u012bsteno\u0161anai nepiecie\u0161amo resursu nov\u0113rt\u0113\u0161ana (t.sk. pl\u0101noto ieguld\u012bjumu pamatot\u012bbas, sam\u0113r\u012bguma un lietder\u012bbas izv\u0113rt\u0113\u0161ana);\u00b7 &nbsp; &nbsp; &nbsp; saimniecisk\u0101s darb\u012bbas veic\u0113ja darb\u012bbas, apgroz\u0101mo l\u012bdzek\u013cu aprites cikla un\/vai ieg\u0101d\u0101jamo akt\u012bvu lietder\u012bgas kalpo\u0161anas laika izv\u0113rt\u0113\u0161ana;\u00b7 &nbsp; &nbsp; &nbsp; &nbsp; saimniecisk\u0101s darb\u012bbas veic\u0113ja finan\u0161u situ\u0101cijas un projekta ilgtermi\u0146a finansi\u0101l\u0101s dz\u012bvotsp\u0113jas nov\u0113rt\u0113\u0161ana;\u00b7 &nbsp; &nbsp; &nbsp; &nbsp; uz\u0146\u0113m\u0113jdarb\u012bbas iesp\u0113jamo risku un to mazin\u0101\u0161anas iesp\u0113ju izv\u0113rt\u0113\u0161ana u.c.<\/td><\/tr><tr><td>Datu glab\u0101\u0161ana:<\/td><td>Atbalsta sa\u0146\u0113m\u0113jam pien\u0101kums glab\u0101t datus par atbalstu 10 gadus no dienas, kad pie\u0146emts l\u0113mums par atbalsta pie\u0161\u0137ir\u0161anu.<\/td><\/tr><tr><td>Nelikum\u012bgi pie\u0161\u0137irts atbalsts:<\/td><td>Ja tiek konstat\u0113ts valsts atbalsta pras\u012bbu p\u0101rk\u0101pums, komersantam ir pien\u0101kums atmaks\u0101t valsts bud\u017eet\u0101 visu sa\u0146emto nelikum\u012bgo valsts atbalstu kop\u0101 ar procentiem.<\/td><\/tr><tr><td>Programmu regul\u0113:<\/td><td>Ministru kabineta &nbsp;2022. gada 14. j\u016bnija noteikumi Nr. 349 &#8220;Noteikumi par aizdevumu programmu pret Ukrainu v\u0113rst\u0101s Krievijas milit\u0101r\u0101s agresijas rad\u012bto ekonomisko seku mazin\u0101\u0161anai&#8221;.<\/td><td>2022. gada 21. j\u016bnija Ministru kabineta noteikumi Nr. 377 \u201cNoteikumi par garantiju programmu pret Ukrainu v\u0113rst\u0101s Krievijas milit\u0101r\u0101s agresijas rad\u012bto ekonomisko seku mazin\u0101\u0161anai\u201d.<\/td><\/tr><\/tbody><\/table><\/figure>\n\n\n\n<p>Ja nepiecie\u0161ama pal\u012bdz\u012bba iepriek\u0161 min\u0113to atbalstu piesaist\u0113, l\u016bdzu sazin\u0101ties ar Leinonen SIA.<br>Papildus varam sniegt atbalstu ar\u012b citos finans\u0113juma piesaistes projektos:<\/p>\n\n\n\n<ul class=\"wp-block-list\"><li>ES fondu projekti;<\/li><li>ALTUM atbalsta programmas;<\/li><li>Finans\u0113juma piesaiste no kred\u012btiest\u0101d\u0113m u.c. finan\u0161u instit\u016bcij\u0101m invest\u012bciju veik\u0161anai vai apgroz\u0101miem l\u012bdzek\u013ciem.<\/li><\/ul>\n\n\n\n<h4 class=\"wp-block-heading\">Ilona Adamaite<\/h4>\n\n\n\n<p><strong>Investments and Finance Advisor<\/strong><\/p>\n\n\n\n<p><strong>Add Profession Translation<\/strong><\/p>\n\n\n\n<p>Mobile: +371 24 664 392<\/p>\n\n\n\n<p>Email: ilona.adamaite@leinonen.lv<\/p>\n","protected":false},"excerpt":{"rendered":"<p>Jau vair\u0101k k\u0101 m\u0113nesi uz\u0146\u0113m\u0113jiem atv\u0113rta pieteik\u0161an\u0101s valsts atbalsta programm\u0101m, kas izveidotas ar m\u0113r\u0137i mazin\u0101t Krievijas milit\u0101r\u0101s agresijas pret Ukrainu rad\u012bt\u0101s sekas uz ekonomiku. Atbalsta programmas \u012bsteno akciju sabiedr\u012bba \u201cAtt\u012bst\u012bbas finan\u0161u instit\u016bcija Altum\u201d (turpm\u0101k &#8211; ALTUM). Atbalstam var pretend\u0113t Latvij\u0101 re\u0123istr\u0113ti dz\u012bvotsp\u0113j\u012bgi saimniecisk\u0101s darb\u012bbas veic\u0113ji, kuru darb\u012bba cietusi Krievijas agresijas pret Ukrainu rezult\u0101t\u0101, kas izpau\u017eas [&hellip;]<\/p>\n","protected":false},"author":1,"featured_media":4569,"comment_status":"open","ping_status":"open","sticky":false,"template":"","format":"standard","meta":{"_acf_changed":false,"inline_featured_image":false,"footnotes":""},"categories":[6],"tags":[],"coauthors":[73],"class_list":["post-4487","post","type-post","status-publish","format-standard","has-post-thumbnail","hentry","category-uncategorized-lv"],"acf":[],"yoast_head":"<!-- This site is optimized with the Yoast SEO plugin v25.5 - https:\/\/yoast.com\/wordpress\/plugins\/seo\/ -->\n<title>ATBALSTS UZ\u0145\u0112MUMIEM KARA RAD\u012aTO SEKU MAZIN\u0100\u0160ANAI &#8211; Leinonen Latvia<\/title>\n<meta name=\"robots\" content=\"index, follow, max-snippet:-1, max-image-preview:large, max-video-preview:-1\" \/>\n<link rel=\"canonical\" href=\"https:\/\/leinonen.eu\/lva\/lv\/news\/atbalsts-uznemumiem-kara-radito-seku-mazinasanai\/\" \/>\n<meta property=\"og:locale\" content=\"lv_LV\" \/>\n<meta property=\"og:type\" content=\"article\" \/>\n<meta property=\"og:title\" content=\"ATBALSTS UZ\u0145\u0112MUMIEM KARA RAD\u012aTO SEKU MAZIN\u0100\u0160ANAI &#8211; Leinonen Latvia\" \/>\n<meta property=\"og:description\" content=\"Jau vair\u0101k k\u0101 m\u0113nesi uz\u0146\u0113m\u0113jiem atv\u0113rta pieteik\u0161an\u0101s valsts atbalsta programm\u0101m, kas izveidotas ar m\u0113r\u0137i mazin\u0101t Krievijas milit\u0101r\u0101s agresijas pret Ukrainu rad\u012bt\u0101s sekas uz ekonomiku. Atbalsta programmas \u012bsteno akciju sabiedr\u012bba \u201cAtt\u012bst\u012bbas finan\u0161u instit\u016bcija Altum\u201d (turpm\u0101k &#8211; ALTUM). Atbalstam var pretend\u0113t Latvij\u0101 re\u0123istr\u0113ti dz\u012bvotsp\u0113j\u012bgi saimniecisk\u0101s darb\u012bbas veic\u0113ji, kuru darb\u012bba cietusi Krievijas agresijas pret Ukrainu rezult\u0101t\u0101, kas izpau\u017eas [&hellip;]\" \/>\n<meta property=\"og:url\" content=\"https:\/\/leinonen.eu\/lva\/lv\/news\/atbalsts-uznemumiem-kara-radito-seku-mazinasanai\/\" \/>\n<meta property=\"og:site_name\" content=\"Leinonen Latvia\" \/>\n<meta property=\"article:published_time\" content=\"2023-01-11T13:14:00+00:00\" \/>\n<meta property=\"article:modified_time\" content=\"2023-02-03T13:17:53+00:00\" \/>\n<meta name=\"author\" content=\"tenpixls\" \/>\n<meta name=\"twitter:card\" content=\"summary_large_image\" \/>\n<meta name=\"twitter:creator\" content=\"@leinonengroup\" \/>\n<meta name=\"twitter:site\" content=\"@leinonengroup\" \/>\n<meta name=\"twitter:label1\" content=\"Written by\" \/>\n\t<meta name=\"twitter:data1\" content=\"tenpixls\" \/>\n\t<meta name=\"twitter:label2\" content=\"Est. reading time\" \/>\n\t<meta name=\"twitter:data2\" content=\"5 minutes\" \/>\n<script type=\"application\/ld+json\" class=\"yoast-schema-graph\">{\"@context\":\"https:\/\/schema.org\",\"@graph\":[{\"@type\":\"WebPage\",\"@id\":\"https:\/\/leinonen.eu\/lva\/lv\/news\/atbalsts-uznemumiem-kara-radito-seku-mazinasanai\/\",\"url\":\"https:\/\/leinonen.eu\/lva\/lv\/news\/atbalsts-uznemumiem-kara-radito-seku-mazinasanai\/\",\"name\":\"ATBALSTS UZ\u0145\u0112MUMIEM KARA RAD\u012aTO SEKU MAZIN\u0100\u0160ANAI &#8211; Leinonen Latvia\",\"isPartOf\":{\"@id\":\"https:\/\/leinonen.eu\/lva\/lv\/#website\"},\"primaryImageOfPage\":{\"@id\":\"https:\/\/leinonen.eu\/lva\/lv\/news\/atbalsts-uznemumiem-kara-radito-seku-mazinasanai\/#primaryimage\"},\"image\":{\"@id\":\"https:\/\/leinonen.eu\/lva\/lv\/news\/atbalsts-uznemumiem-kara-radito-seku-mazinasanai\/#primaryimage\"},\"thumbnailUrl\":\"https:\/\/leinonen.eu\/app\/uploads\/sites\/14\/2023\/03\/Copy-of-169-LinkedIn-Ad-Business-in-X-27.png\",\"datePublished\":\"2023-01-11T13:14:00+00:00\",\"dateModified\":\"2023-02-03T13:17:53+00:00\",\"author\":{\"@id\":\"https:\/\/leinonen.eu\/lva\/lv\/#\/schema\/person\/47606459ebe19c44c856cfd02d7edb30\"},\"breadcrumb\":{\"@id\":\"https:\/\/leinonen.eu\/lva\/lv\/news\/atbalsts-uznemumiem-kara-radito-seku-mazinasanai\/#breadcrumb\"},\"inLanguage\":\"lv-LV\",\"potentialAction\":[{\"@type\":\"ReadAction\",\"target\":[\"https:\/\/leinonen.eu\/lva\/lv\/news\/atbalsts-uznemumiem-kara-radito-seku-mazinasanai\/\"]}]},{\"@type\":\"ImageObject\",\"inLanguage\":\"lv-LV\",\"@id\":\"https:\/\/leinonen.eu\/lva\/lv\/news\/atbalsts-uznemumiem-kara-radito-seku-mazinasanai\/#primaryimage\",\"url\":\"https:\/\/leinonen.eu\/app\/uploads\/sites\/14\/2023\/03\/Copy-of-169-LinkedIn-Ad-Business-in-X-27.png\",\"contentUrl\":\"https:\/\/leinonen.eu\/app\/uploads\/sites\/14\/2023\/03\/Copy-of-169-LinkedIn-Ad-Business-in-X-27.png\",\"width\":1200,\"height\":627},{\"@type\":\"BreadcrumbList\",\"@id\":\"https:\/\/leinonen.eu\/lva\/lv\/news\/atbalsts-uznemumiem-kara-radito-seku-mazinasanai\/#breadcrumb\",\"itemListElement\":[{\"@type\":\"ListItem\",\"position\":1,\"name\":\"Home\",\"item\":\"https:\/\/leinonen.eu\/lva\/lv\/home\/\"},{\"@type\":\"ListItem\",\"position\":2,\"name\":\"ATBALSTS UZ\u0145\u0112MUMIEM KARA RAD\u012aTO SEKU MAZIN\u0100\u0160ANAI\"}]},{\"@type\":\"WebSite\",\"@id\":\"https:\/\/leinonen.eu\/lva\/lv\/#website\",\"url\":\"https:\/\/leinonen.eu\/lva\/lv\/\",\"name\":\"Leinonen Latvia\",\"description\":\"\",\"potentialAction\":[{\"@type\":\"SearchAction\",\"target\":{\"@type\":\"EntryPoint\",\"urlTemplate\":\"https:\/\/leinonen.eu\/lva\/lv\/?s={search_term_string}\"},\"query-input\":{\"@type\":\"PropertyValueSpecification\",\"valueRequired\":true,\"valueName\":\"search_term_string\"}}],\"inLanguage\":\"lv-LV\"},{\"@type\":\"Person\",\"@id\":\"https:\/\/leinonen.eu\/lva\/lv\/#\/schema\/person\/47606459ebe19c44c856cfd02d7edb30\",\"name\":\"tenpixls\",\"image\":{\"@type\":\"ImageObject\",\"inLanguage\":\"lv-LV\",\"@id\":\"https:\/\/leinonen.eu\/lva\/lv\/#\/schema\/person\/image\/630377e78f0aa2e004e625e80339b1d6\",\"url\":\"https:\/\/secure.gravatar.com\/avatar\/8c305e3e6e94688195d0c7606df9131727ef0ecf17b4b67e285d484ed59b5d4e?s=96&d=mm&r=g\",\"contentUrl\":\"https:\/\/secure.gravatar.com\/avatar\/8c305e3e6e94688195d0c7606df9131727ef0ecf17b4b67e285d484ed59b5d4e?s=96&d=mm&r=g\",\"caption\":\"tenpixls\"},\"sameAs\":[\"https:\/\/leinonen.eu\/wp\"],\"url\":\"https:\/\/leinonen.eu\/lva\/lv\/news\/author\/tenpixls\/\"}]}<\/script>\n<!-- \/ Yoast SEO plugin. -->","yoast_head_json":{"title":"ATBALSTS UZ\u0145\u0112MUMIEM KARA RAD\u012aTO SEKU MAZIN\u0100\u0160ANAI &#8211; Leinonen Latvia","robots":{"index":"index","follow":"follow","max-snippet":"max-snippet:-1","max-image-preview":"max-image-preview:large","max-video-preview":"max-video-preview:-1"},"canonical":"https:\/\/leinonen.eu\/lva\/lv\/news\/atbalsts-uznemumiem-kara-radito-seku-mazinasanai\/","og_locale":"lv_LV","og_type":"article","og_title":"ATBALSTS UZ\u0145\u0112MUMIEM KARA RAD\u012aTO SEKU MAZIN\u0100\u0160ANAI &#8211; Leinonen Latvia","og_description":"Jau vair\u0101k k\u0101 m\u0113nesi uz\u0146\u0113m\u0113jiem atv\u0113rta pieteik\u0161an\u0101s valsts atbalsta programm\u0101m, kas izveidotas ar m\u0113r\u0137i mazin\u0101t Krievijas milit\u0101r\u0101s agresijas pret Ukrainu rad\u012bt\u0101s sekas uz ekonomiku. Atbalsta programmas \u012bsteno akciju sabiedr\u012bba \u201cAtt\u012bst\u012bbas finan\u0161u instit\u016bcija Altum\u201d (turpm\u0101k &#8211; ALTUM). Atbalstam var pretend\u0113t Latvij\u0101 re\u0123istr\u0113ti dz\u012bvotsp\u0113j\u012bgi saimniecisk\u0101s darb\u012bbas veic\u0113ji, kuru darb\u012bba cietusi Krievijas agresijas pret Ukrainu rezult\u0101t\u0101, kas izpau\u017eas [&hellip;]","og_url":"https:\/\/leinonen.eu\/lva\/lv\/news\/atbalsts-uznemumiem-kara-radito-seku-mazinasanai\/","og_site_name":"Leinonen Latvia","article_published_time":"2023-01-11T13:14:00+00:00","article_modified_time":"2023-02-03T13:17:53+00:00","author":"tenpixls","twitter_card":"summary_large_image","twitter_creator":"@leinonengroup","twitter_site":"@leinonengroup","twitter_misc":{"Written by":"tenpixls","Est. reading time":"5 minutes"},"schema":{"@context":"https:\/\/schema.org","@graph":[{"@type":"WebPage","@id":"https:\/\/leinonen.eu\/lva\/lv\/news\/atbalsts-uznemumiem-kara-radito-seku-mazinasanai\/","url":"https:\/\/leinonen.eu\/lva\/lv\/news\/atbalsts-uznemumiem-kara-radito-seku-mazinasanai\/","name":"ATBALSTS UZ\u0145\u0112MUMIEM KARA RAD\u012aTO SEKU MAZIN\u0100\u0160ANAI &#8211; Leinonen Latvia","isPartOf":{"@id":"https:\/\/leinonen.eu\/lva\/lv\/#website"},"primaryImageOfPage":{"@id":"https:\/\/leinonen.eu\/lva\/lv\/news\/atbalsts-uznemumiem-kara-radito-seku-mazinasanai\/#primaryimage"},"image":{"@id":"https:\/\/leinonen.eu\/lva\/lv\/news\/atbalsts-uznemumiem-kara-radito-seku-mazinasanai\/#primaryimage"},"thumbnailUrl":"https:\/\/leinonen.eu\/app\/uploads\/sites\/14\/2023\/03\/Copy-of-169-LinkedIn-Ad-Business-in-X-27.png","datePublished":"2023-01-11T13:14:00+00:00","dateModified":"2023-02-03T13:17:53+00:00","author":{"@id":"https:\/\/leinonen.eu\/lva\/lv\/#\/schema\/person\/47606459ebe19c44c856cfd02d7edb30"},"breadcrumb":{"@id":"https:\/\/leinonen.eu\/lva\/lv\/news\/atbalsts-uznemumiem-kara-radito-seku-mazinasanai\/#breadcrumb"},"inLanguage":"lv-LV","potentialAction":[{"@type":"ReadAction","target":["https:\/\/leinonen.eu\/lva\/lv\/news\/atbalsts-uznemumiem-kara-radito-seku-mazinasanai\/"]}]},{"@type":"ImageObject","inLanguage":"lv-LV","@id":"https:\/\/leinonen.eu\/lva\/lv\/news\/atbalsts-uznemumiem-kara-radito-seku-mazinasanai\/#primaryimage","url":"https:\/\/leinonen.eu\/app\/uploads\/sites\/14\/2023\/03\/Copy-of-169-LinkedIn-Ad-Business-in-X-27.png","contentUrl":"https:\/\/leinonen.eu\/app\/uploads\/sites\/14\/2023\/03\/Copy-of-169-LinkedIn-Ad-Business-in-X-27.png","width":1200,"height":627},{"@type":"BreadcrumbList","@id":"https:\/\/leinonen.eu\/lva\/lv\/news\/atbalsts-uznemumiem-kara-radito-seku-mazinasanai\/#breadcrumb","itemListElement":[{"@type":"ListItem","position":1,"name":"Home","item":"https:\/\/leinonen.eu\/lva\/lv\/home\/"},{"@type":"ListItem","position":2,"name":"ATBALSTS UZ\u0145\u0112MUMIEM KARA RAD\u012aTO SEKU MAZIN\u0100\u0160ANAI"}]},{"@type":"WebSite","@id":"https:\/\/leinonen.eu\/lva\/lv\/#website","url":"https:\/\/leinonen.eu\/lva\/lv\/","name":"Leinonen Latvia","description":"","potentialAction":[{"@type":"SearchAction","target":{"@type":"EntryPoint","urlTemplate":"https:\/\/leinonen.eu\/lva\/lv\/?s={search_term_string}"},"query-input":{"@type":"PropertyValueSpecification","valueRequired":true,"valueName":"search_term_string"}}],"inLanguage":"lv-LV"},{"@type":"Person","@id":"https:\/\/leinonen.eu\/lva\/lv\/#\/schema\/person\/47606459ebe19c44c856cfd02d7edb30","name":"tenpixls","image":{"@type":"ImageObject","inLanguage":"lv-LV","@id":"https:\/\/leinonen.eu\/lva\/lv\/#\/schema\/person\/image\/630377e78f0aa2e004e625e80339b1d6","url":"https:\/\/secure.gravatar.com\/avatar\/8c305e3e6e94688195d0c7606df9131727ef0ecf17b4b67e285d484ed59b5d4e?s=96&d=mm&r=g","contentUrl":"https:\/\/secure.gravatar.com\/avatar\/8c305e3e6e94688195d0c7606df9131727ef0ecf17b4b67e285d484ed59b5d4e?s=96&d=mm&r=g","caption":"tenpixls"},"sameAs":["https:\/\/leinonen.eu\/wp"],"url":"https:\/\/leinonen.eu\/lva\/lv\/news\/author\/tenpixls\/"}]}},"_links":{"self":[{"href":"https:\/\/leinonen.eu\/lva\/lv\/wp-json\/wp\/v2\/posts\/4487","targetHints":{"allow":["GET"]}}],"collection":[{"href":"https:\/\/leinonen.eu\/lva\/lv\/wp-json\/wp\/v2\/posts"}],"about":[{"href":"https:\/\/leinonen.eu\/lva\/lv\/wp-json\/wp\/v2\/types\/post"}],"author":[{"embeddable":true,"href":"https:\/\/leinonen.eu\/lva\/lv\/wp-json\/wp\/v2\/users\/1"}],"replies":[{"embeddable":true,"href":"https:\/\/leinonen.eu\/lva\/lv\/wp-json\/wp\/v2\/comments?post=4487"}],"version-history":[{"count":1,"href":"https:\/\/leinonen.eu\/lva\/lv\/wp-json\/wp\/v2\/posts\/4487\/revisions"}],"predecessor-version":[{"id":4488,"href":"https:\/\/leinonen.eu\/lva\/lv\/wp-json\/wp\/v2\/posts\/4487\/revisions\/4488"}],"wp:featuredmedia":[{"embeddable":true,"href":"https:\/\/leinonen.eu\/lva\/lv\/wp-json\/wp\/v2\/media\/4569"}],"wp:attachment":[{"href":"https:\/\/leinonen.eu\/lva\/lv\/wp-json\/wp\/v2\/media?parent=4487"}],"wp:term":[{"taxonomy":"category","embeddable":true,"href":"https:\/\/leinonen.eu\/lva\/lv\/wp-json\/wp\/v2\/categories?post=4487"},{"taxonomy":"post_tag","embeddable":true,"href":"https:\/\/leinonen.eu\/lva\/lv\/wp-json\/wp\/v2\/tags?post=4487"},{"taxonomy":"author","embeddable":true,"href":"https:\/\/leinonen.eu\/lva\/lv\/wp-json\/wp\/v2\/coauthors?post=4487"}],"curies":[{"name":"wp","href":"https:\/\/api.w.org\/{rel}","templated":true}]}}