{"id":3335,"date":"2021-09-21T00:00:00","date_gmt":"2021-09-21T00:00:00","guid":{"rendered":"https:\/\/new.leinonen.eu\/nor\/yrityksen-rekisterointi-vie-yha-pidemman-ajan\/"},"modified":"2021-09-21T00:00:00","modified_gmt":"2021-09-21T00:00:00","slug":"yrityksen-rekisterointi-vie-yha-pidemman-ajan","status":"publish","type":"post","link":"https:\/\/leinonen.eu\/nor\/fi\/news\/yrityksen-rekisterointi-vie-yha-pidemman-ajan\/","title":{"rendered":"YRITYKSEN REKISTER\u00d6INTI VIE YH\u00c4 PIDEMM\u00c4N AJAN"},"content":{"rendered":"<div>\n<p>Norjan yritysrekisteri Br\u00f8nn\u00f8ysundregisteret k\u00e4rsii pidentyneist\u00e4 k\u00e4sittelyajoista. Ulkomaisten rekister\u00f6imien yritysten rekisterointi on aikaisemminkin kest\u00e4nyt useita viikkoja. Nyt k\u00e4sittelyajat ovat pidentyneet. Kun itse firman rekister\u00f6intihakemus on hyv\u00e4ksytty, sen lis\u00e4ksi voi menn\u00e4 viel\u00e4 kuukausi ett\u00e4 ulkomaiselle yrityksen johtajalle my\u00f6nnet\u00e4\u00e4n D-numero eli identiteettinumero.<\/p>\n<\/p><\/div>\n","protected":false},"excerpt":{"rendered":"<p>Norjan yritysrekisteri Br\u00f8nn\u00f8ysundregisteret k\u00e4rsii pidentyneist\u00e4 k\u00e4sittelyajoista. Ulkomaisten rekister\u00f6imien yritysten rekisterointi on aikaisemminkin kest\u00e4nyt useita viikkoja. Nyt k\u00e4sittelyajat ovat pidentyneet. Kun itse firman rekister\u00f6intihakemus on hyv\u00e4ksytty, sen lis\u00e4ksi voi menn\u00e4 viel\u00e4 kuukausi ett\u00e4 ulkomaiselle yrityksen johtajalle my\u00f6nnet\u00e4\u00e4n D-numero eli identiteettinumero.<\/p>\n","protected":false},"author":32,"featured_media":0,"comment_status":"open","ping_status":"open","sticky":false,"template":"","format":"standard","meta":{"_acf_changed":false,"inline_featured_image":false,"footnotes":""},"categories":[1],"tags":[],"coauthors":[114],"class_list":["post-3335","post","type-post","status-publish","format-standard","hentry","category-uncategorized"],"acf":[],"yoast_head":"<!-- This site is optimized with the Yoast SEO plugin v25.5 - https:\/\/yoast.com\/wordpress\/plugins\/seo\/ -->\n<title>YRITYKSEN REKISTER\u00d6INTI VIE YH\u00c4 PIDEMM\u00c4N AJAN &#8211; Leinonen Norway<\/title>\n<meta name=\"robots\" content=\"index, follow, max-snippet:-1, max-image-preview:large, max-video-preview:-1\" \/>\n<link rel=\"canonical\" href=\"https:\/\/leinonen.eu\/nor\/fi\/news\/yrityksen-rekisterointi-vie-yha-pidemman-ajan\/\" \/>\n<meta property=\"og:locale\" content=\"fi_FI\" \/>\n<meta property=\"og:type\" content=\"article\" \/>\n<meta property=\"og:title\" content=\"YRITYKSEN REKISTER\u00d6INTI VIE YH\u00c4 PIDEMM\u00c4N AJAN &#8211; Leinonen Norway\" \/>\n<meta property=\"og:description\" content=\"Norjan yritysrekisteri Br\u00f8nn\u00f8ysundregisteret k\u00e4rsii pidentyneist\u00e4 k\u00e4sittelyajoista. Ulkomaisten rekister\u00f6imien yritysten rekisterointi on aikaisemminkin kest\u00e4nyt useita viikkoja. Nyt k\u00e4sittelyajat ovat pidentyneet. Kun itse firman rekister\u00f6intihakemus on hyv\u00e4ksytty, sen lis\u00e4ksi voi menn\u00e4 viel\u00e4 kuukausi ett\u00e4 ulkomaiselle yrityksen johtajalle my\u00f6nnet\u00e4\u00e4n D-numero eli identiteettinumero.\" \/>\n<meta property=\"og:url\" content=\"https:\/\/leinonen.eu\/nor\/fi\/news\/yrityksen-rekisterointi-vie-yha-pidemman-ajan\/\" \/>\n<meta property=\"og:site_name\" content=\"Leinonen Norway\" \/>\n<meta property=\"article:published_time\" content=\"2021-09-21T00:00:00+00:00\" \/>\n<meta name=\"twitter:card\" content=\"summary_large_image\" \/>\n<meta name=\"twitter:creator\" content=\"@leinonengroup\" \/>\n<meta name=\"twitter:site\" content=\"@leinonengroup\" \/>\n<meta name=\"twitter:label1\" content=\"Kirjoittanut\" \/>\n\t<meta name=\"twitter:data1\" content=\"\" \/>\n<script type=\"application\/ld+json\" class=\"yoast-schema-graph\">{\"@context\":\"https:\/\/schema.org\",\"@graph\":[{\"@type\":\"WebPage\",\"@id\":\"https:\/\/leinonen.eu\/nor\/fi\/news\/yrityksen-rekisterointi-vie-yha-pidemman-ajan\/\",\"url\":\"https:\/\/leinonen.eu\/nor\/fi\/news\/yrityksen-rekisterointi-vie-yha-pidemman-ajan\/\",\"name\":\"YRITYKSEN REKISTER\u00d6INTI VIE YH\u00c4 PIDEMM\u00c4N AJAN &#8211; Leinonen Norway\",\"isPartOf\":{\"@id\":\"https:\/\/leinonen.eu\/nor\/fi\/#website\"},\"datePublished\":\"2021-09-21T00:00:00+00:00\",\"author\":{\"@id\":\"\"},\"breadcrumb\":{\"@id\":\"https:\/\/leinonen.eu\/nor\/fi\/news\/yrityksen-rekisterointi-vie-yha-pidemman-ajan\/#breadcrumb\"},\"inLanguage\":\"fi\",\"potentialAction\":[{\"@type\":\"ReadAction\",\"target\":[\"https:\/\/leinonen.eu\/nor\/fi\/news\/yrityksen-rekisterointi-vie-yha-pidemman-ajan\/\"]}]},{\"@type\":\"BreadcrumbList\",\"@id\":\"https:\/\/leinonen.eu\/nor\/fi\/news\/yrityksen-rekisterointi-vie-yha-pidemman-ajan\/#breadcrumb\",\"itemListElement\":[{\"@type\":\"ListItem\",\"position\":1,\"name\":\"Home\",\"item\":\"https:\/\/leinonen.eu\/nor\/fi\/\"},{\"@type\":\"ListItem\",\"position\":2,\"name\":\"YRITYKSEN REKISTER\u00d6INTI VIE YH\u00c4 PIDEMM\u00c4N AJAN\"}]},{\"@type\":\"WebSite\",\"@id\":\"https:\/\/leinonen.eu\/nor\/fi\/#website\",\"url\":\"https:\/\/leinonen.eu\/nor\/fi\/\",\"name\":\"Leinonen Norway\",\"description\":\"\",\"potentialAction\":[{\"@type\":\"SearchAction\",\"target\":{\"@type\":\"EntryPoint\",\"urlTemplate\":\"https:\/\/leinonen.eu\/nor\/fi\/?s={search_term_string}\"},\"query-input\":{\"@type\":\"PropertyValueSpecification\",\"valueRequired\":true,\"valueName\":\"search_term_string\"}}],\"inLanguage\":\"fi\"},{\"@type\":\"Person\",\"@id\":\"\",\"url\":\"https:\/\/leinonen.eu\/nor\/fi\/news\/author\/\"}]}<\/script>\n<!-- \/ Yoast SEO plugin. -->","yoast_head_json":{"title":"YRITYKSEN REKISTER\u00d6INTI VIE YH\u00c4 PIDEMM\u00c4N AJAN &#8211; Leinonen Norway","robots":{"index":"index","follow":"follow","max-snippet":"max-snippet:-1","max-image-preview":"max-image-preview:large","max-video-preview":"max-video-preview:-1"},"canonical":"https:\/\/leinonen.eu\/nor\/fi\/news\/yrityksen-rekisterointi-vie-yha-pidemman-ajan\/","og_locale":"fi_FI","og_type":"article","og_title":"YRITYKSEN REKISTER\u00d6INTI VIE YH\u00c4 PIDEMM\u00c4N AJAN &#8211; Leinonen Norway","og_description":"Norjan yritysrekisteri Br\u00f8nn\u00f8ysundregisteret k\u00e4rsii pidentyneist\u00e4 k\u00e4sittelyajoista. Ulkomaisten rekister\u00f6imien yritysten rekisterointi on aikaisemminkin kest\u00e4nyt useita viikkoja. Nyt k\u00e4sittelyajat ovat pidentyneet. Kun itse firman rekister\u00f6intihakemus on hyv\u00e4ksytty, sen lis\u00e4ksi voi menn\u00e4 viel\u00e4 kuukausi ett\u00e4 ulkomaiselle yrityksen johtajalle my\u00f6nnet\u00e4\u00e4n D-numero eli identiteettinumero.","og_url":"https:\/\/leinonen.eu\/nor\/fi\/news\/yrityksen-rekisterointi-vie-yha-pidemman-ajan\/","og_site_name":"Leinonen Norway","article_published_time":"2021-09-21T00:00:00+00:00","twitter_card":"summary_large_image","twitter_creator":"@leinonengroup","twitter_site":"@leinonengroup","twitter_misc":{"Kirjoittanut":""},"schema":{"@context":"https:\/\/schema.org","@graph":[{"@type":"WebPage","@id":"https:\/\/leinonen.eu\/nor\/fi\/news\/yrityksen-rekisterointi-vie-yha-pidemman-ajan\/","url":"https:\/\/leinonen.eu\/nor\/fi\/news\/yrityksen-rekisterointi-vie-yha-pidemman-ajan\/","name":"YRITYKSEN REKISTER\u00d6INTI VIE YH\u00c4 PIDEMM\u00c4N AJAN &#8211; Leinonen Norway","isPartOf":{"@id":"https:\/\/leinonen.eu\/nor\/fi\/#website"},"datePublished":"2021-09-21T00:00:00+00:00","author":{"@id":""},"breadcrumb":{"@id":"https:\/\/leinonen.eu\/nor\/fi\/news\/yrityksen-rekisterointi-vie-yha-pidemman-ajan\/#breadcrumb"},"inLanguage":"fi","potentialAction":[{"@type":"ReadAction","target":["https:\/\/leinonen.eu\/nor\/fi\/news\/yrityksen-rekisterointi-vie-yha-pidemman-ajan\/"]}]},{"@type":"BreadcrumbList","@id":"https:\/\/leinonen.eu\/nor\/fi\/news\/yrityksen-rekisterointi-vie-yha-pidemman-ajan\/#breadcrumb","itemListElement":[{"@type":"ListItem","position":1,"name":"Home","item":"https:\/\/leinonen.eu\/nor\/fi\/"},{"@type":"ListItem","position":2,"name":"YRITYKSEN REKISTER\u00d6INTI VIE YH\u00c4 PIDEMM\u00c4N AJAN"}]},{"@type":"WebSite","@id":"https:\/\/leinonen.eu\/nor\/fi\/#website","url":"https:\/\/leinonen.eu\/nor\/fi\/","name":"Leinonen Norway","description":"","potentialAction":[{"@type":"SearchAction","target":{"@type":"EntryPoint","urlTemplate":"https:\/\/leinonen.eu\/nor\/fi\/?s={search_term_string}"},"query-input":{"@type":"PropertyValueSpecification","valueRequired":true,"valueName":"search_term_string"}}],"inLanguage":"fi"},{"@type":"Person","@id":"","url":"https:\/\/leinonen.eu\/nor\/fi\/news\/author\/"}]}},"_links":{"self":[{"href":"https:\/\/leinonen.eu\/nor\/fi\/wp-json\/wp\/v2\/posts\/3335","targetHints":{"allow":["GET"]}}],"collection":[{"href":"https:\/\/leinonen.eu\/nor\/fi\/wp-json\/wp\/v2\/posts"}],"about":[{"href":"https:\/\/leinonen.eu\/nor\/fi\/wp-json\/wp\/v2\/types\/post"}],"author":[{"embeddable":true,"href":"https:\/\/leinonen.eu\/nor\/fi\/wp-json\/wp\/v2\/users\/32"}],"replies":[{"embeddable":true,"href":"https:\/\/leinonen.eu\/nor\/fi\/wp-json\/wp\/v2\/comments?post=3335"}],"version-history":[{"count":0,"href":"https:\/\/leinonen.eu\/nor\/fi\/wp-json\/wp\/v2\/posts\/3335\/revisions"}],"wp:attachment":[{"href":"https:\/\/leinonen.eu\/nor\/fi\/wp-json\/wp\/v2\/media?parent=3335"}],"wp:term":[{"taxonomy":"category","embeddable":true,"href":"https:\/\/leinonen.eu\/nor\/fi\/wp-json\/wp\/v2\/categories?post=3335"},{"taxonomy":"post_tag","embeddable":true,"href":"https:\/\/leinonen.eu\/nor\/fi\/wp-json\/wp\/v2\/tags?post=3335"},{"taxonomy":"author","embeddable":true,"href":"https:\/\/leinonen.eu\/nor\/fi\/wp-json\/wp\/v2\/coauthors?post=3335"}],"curies":[{"name":"wp","href":"https:\/\/api.w.org\/{rel}","templated":true}]}}