{"id":5617,"date":"2025-05-08T08:25:18","date_gmt":"2025-05-08T08:25:18","guid":{"rendered":"https:\/\/leinonen.eu\/nor\/?p=5617"},"modified":"2025-05-08T08:25:21","modified_gmt":"2025-05-08T08:25:21","slug":"tyonantajan-sosiaalivakuutusmaksun-lisaveloituksen-lopettaminen-vuonna-2025","status":"publish","type":"post","link":"https:\/\/leinonen.eu\/nor\/fi\/news\/tyonantajan-sosiaalivakuutusmaksun-lisaveloituksen-lopettaminen-vuonna-2025\/","title":{"rendered":"Ty\u00f6nantajan sosiaalivakuutusmaksun lis\u00e4veloituksen lopettaminen vuonna 2025"},"content":{"rendered":"\n<p>Norjassa poistetaan 1.1.2025 ty\u00f6nantajan 5 % ylim\u00e4\u00e4r\u00e4inen kansallinen vakuutusmaksu. T\u00e4m\u00e4 tuo useita etuja norjalaisille yrityksille. T\u00e4ss\u00e4 artikkelissa k\u00e4sittelemme t\u00e4m\u00e4n veron taustaa, miksi se poistetaan ja miten muutos vaikuttaa norjalaisiin yrityksiin.<\/p>\n\n\n\n<h2 class=\"wp-block-heading\">Mit\u00e4 ovat ty\u00f6nantajan sosiaalivakuutusmaksut?<\/h2>\n\n\n\n<p>Ty\u00f6nantajan sosiaalivakuutusmaksut ovat ty\u00f6nantajan palkoista maksamia veroja Norjassa sosiaalivakuutusj\u00e4rjestelm\u00e4n rahoittamiseksi. Sosiaalietuudet, kuten sairausp\u00e4iv\u00e4rahat, el\u00e4ke ja muut sosiaaliturvaetuudet rahoitetaan t\u00e4ll\u00e4 verolla. Verokannat vaihtelevat v\u00e4lill\u00e4 0 % &#8211; 14,1 % riippuen toimialan tyypist\u00e4 ja yrityksen sijaintipaikasta.<\/p>\n\n\n\n<h2 class=\"wp-block-heading\">Mit\u00e4 ovat ty\u00f6nantajan ylim\u00e4\u00e4r\u00e4iset sosiaalimaksut?<\/h2>\n\n\n\n<p>Vuonna 2023 otettiin k\u00e4ytt\u00f6\u00f6n v\u00e4liaikainen lakimuutos, jonka mukaan yli 750 000 NOK palkoista perit\u00e4\u00e4n 5 % ylim\u00e4\u00e4r\u00e4inen ty\u00f6nantajan sosiaalivakuutusmaksu. T\u00e4m\u00e4 lakimuutos tehtiin lis\u00e4\u00e4m\u00e4\u00e4n valtion budjetin ylim\u00e4\u00e4r\u00e4isiin menoihin tarkoitettua osuutta. Vuonna 2024 ty\u00f6nantajien ylim\u00e4\u00e4r\u00e4isten lis\u00e4maksujen rajaa muutettiin 100 000 NOK:lla, joten sit\u00e4 sovelletaan ensimm\u00e4isest\u00e4 850 000 NOK ylitt\u00e4v\u00e4st\u00e4 kruunusta.<\/p>\n\n\n\n<h2 class=\"wp-block-heading\">Ty\u00f6nantajan sosiaalivakuutusmaksun lis\u00e4veloituksen lopettaminen<\/h2>\n\n\n\n<p>Alusta alkaen t\u00e4t\u00e4 lakimuutosta kuvailtiin &#8221;tilanteeseen mukautetuksi ja v\u00e4liaikaiseksi toimenpiteeksi&#8221;. On hyv\u00e4 syy, miksi t\u00e4m\u00e4 maksu poistuu 1.1.2025 alkaen. Lakimuutosta kritisoitiin, koska se on lis\u00e4nnyt ty\u00f6nantajien kustannuksia heid\u00e4n palkatessaan eritt\u00e4in korkeasti koulutettuja ty\u00f6ntekij\u00f6it\u00e4. Nyt kun se lakkautetaan, sill\u00e4 on useita my\u00f6nteisi\u00e4 vaikutuksia norjalaisiin yrityksiin.<\/p>\n\n\n\n<h2 class=\"wp-block-heading\">Edut yrityksille<\/h2>\n\n\n\n<p>Ty\u00f6nantajien on varmasti helpompi rekrytoida p\u00e4tevi\u00e4 ty\u00f6ntekij\u00f6it\u00e4, koska ty\u00f6voimakustannukset pienenev\u00e4t merkitt\u00e4v\u00e4sti. Se v\u00e4hent\u00e4\u00e4 my\u00f6s supistusten todenn\u00e4k\u00f6isyytt\u00e4. Kun ty\u00f6voimakustannukset ovat alhaisemmat, se lis\u00e4\u00e4 mahdollisuuksia palkata uusia ty\u00f6ntekij\u00f6it\u00e4 ja nostaa nykyisten ty\u00f6ntekij\u00f6iden palkkoja tai muita etuuksia.<\/p>\n\n\n\n<p>Ty\u00f6nantajien pit\u00e4isi my\u00f6s arvioida, pit\u00e4isik\u00f6 vuoden 2025 budjetteja mukauttaa. Monet norjalaiset yritykset maksavat ty\u00f6ntekij\u00f6illeen bonuksia joulukuussa. Ty\u00f6nantajan ylim\u00e4\u00e4r\u00e4isten sosiaalivakuutusmaksujen lakkauttamisen vuoksi voi joissakin tapauksissa olla j\u00e4rkev\u00e4\u00e4 odottaa maksun suorittamista tammikuuhun 2025 asti.<\/p>\n\n\n\n<h2 class=\"wp-block-heading\">Ota yhteytt\u00e4<\/h2>\n\n\n\n<p>Jos haluat varmistaa, ett\u00e4 ty\u00f6nantajan sosiaalivakuutuksen ilmoittaminen tapahtuu oikein palkanlaskennassa, ota meihin yhteytt\u00e4 <a href=\"https:\/\/leinonen.eu\/nor\/fi\/contacts\/\" target=\"_blank\" rel=\"noreferrer noopener\">t\u00e4\u00e4ll\u00e4<\/a>.<\/p>\n","protected":false},"excerpt":{"rendered":"<p>Norjassa poistetaan 1.1.2025 ty\u00f6nantajan 5 % ylim\u00e4\u00e4r\u00e4inen kansallinen vakuutusmaksu. T\u00e4m\u00e4 tuo useita etuja norjalaisille yrityksille. T\u00e4ss\u00e4 artikkelissa k\u00e4sittelemme t\u00e4m\u00e4n veron taustaa, miksi se poistetaan ja miten muutos vaikuttaa norjalaisiin yrityksiin. Mit\u00e4 ovat ty\u00f6nantajan sosiaalivakuutusmaksut? Ty\u00f6nantajan sosiaalivakuutusmaksut ovat ty\u00f6nantajan palkoista maksamia veroja Norjassa sosiaalivakuutusj\u00e4rjestelm\u00e4n rahoittamiseksi. Sosiaalietuudet, kuten sairausp\u00e4iv\u00e4rahat, el\u00e4ke ja muut sosiaaliturvaetuudet rahoitetaan t\u00e4ll\u00e4 verolla. Verokannat [&hellip;]<\/p>\n","protected":false},"author":33,"featured_media":5618,"comment_status":"closed","ping_status":"closed","sticky":false,"template":"","format":"standard","meta":{"_acf_changed":false,"inline_featured_image":false,"footnotes":""},"categories":[2],"tags":[],"coauthors":[115,117],"class_list":["post-5617","post","type-post","status-publish","format-standard","has-post-thumbnail","hentry","category-uncategorized-fi"],"acf":[],"yoast_head":"<!-- This site is optimized with the Yoast SEO plugin v25.5 - https:\/\/yoast.com\/wordpress\/plugins\/seo\/ -->\n<title>Ty\u00f6nantajan sosiaalivakuutusmaksun lis\u00e4veloituksen lopettaminen vuonna 2025 &#8211; Leinonen Norway<\/title>\n<meta name=\"description\" content=\"Norja poistaa 1.1.2025 ylim\u00e4\u00e4r\u00e4isen 5 % ty\u00f6nantajan sosiaalivakuutusmaksun. Lue, mit\u00e4 t\u00e4m\u00e4 tarkoittaa yrityksille, miksi muutos tehd\u00e4\u00e4n ja miten se voi vaikuttaa rekrytointiin ja budjetointiin.\" \/>\n<meta name=\"robots\" content=\"index, follow, max-snippet:-1, max-image-preview:large, max-video-preview:-1\" \/>\n<link rel=\"canonical\" href=\"https:\/\/leinonen.eu\/nor\/fi\/news\/tyonantajan-sosiaalivakuutusmaksun-lisaveloituksen-lopettaminen-vuonna-2025\/\" \/>\n<meta property=\"og:locale\" content=\"fi_FI\" \/>\n<meta property=\"og:type\" content=\"article\" \/>\n<meta property=\"og:title\" content=\"Ty\u00f6nantajan sosiaalivakuutusmaksun lis\u00e4veloituksen lopettaminen vuonna 2025 &#8211; Leinonen Norway\" \/>\n<meta property=\"og:description\" content=\"Norja poistaa 1.1.2025 ylim\u00e4\u00e4r\u00e4isen 5 % ty\u00f6nantajan sosiaalivakuutusmaksun. Lue, mit\u00e4 t\u00e4m\u00e4 tarkoittaa yrityksille, miksi muutos tehd\u00e4\u00e4n ja miten se voi vaikuttaa rekrytointiin ja budjetointiin.\" \/>\n<meta property=\"og:url\" content=\"https:\/\/leinonen.eu\/nor\/fi\/news\/tyonantajan-sosiaalivakuutusmaksun-lisaveloituksen-lopettaminen-vuonna-2025\/\" \/>\n<meta property=\"og:site_name\" content=\"Leinonen Norway\" \/>\n<meta property=\"article:published_time\" content=\"2025-05-08T08:25:18+00:00\" \/>\n<meta property=\"article:modified_time\" content=\"2025-05-08T08:25:21+00:00\" \/>\n<meta property=\"og:image\" content=\"https:\/\/leinonen.eu\/app\/uploads\/sites\/16\/2025\/05\/Article-visuals-2025-05-08T112440.993.png\" \/>\n\t<meta property=\"og:image:width\" content=\"1200\" \/>\n\t<meta property=\"og:image:height\" content=\"627\" \/>\n\t<meta property=\"og:image:type\" content=\"image\/png\" \/>\n<meta name=\"author\" content=\"Leinonen Norway, Timotei Roos\" \/>\n<meta name=\"twitter:card\" content=\"summary_large_image\" \/>\n<meta name=\"twitter:creator\" content=\"@leinonengroup\" \/>\n<meta name=\"twitter:site\" content=\"@leinonengroup\" \/>\n<meta name=\"twitter:label1\" content=\"Kirjoittanut\" \/>\n\t<meta name=\"twitter:data1\" content=\"Leinonen Norway\" \/>\n\t<meta name=\"twitter:label2\" content=\"Arvioitu lukuaika\" \/>\n\t<meta name=\"twitter:data2\" content=\"2 minuuttia\" \/>\n\t<meta name=\"twitter:label3\" content=\"Written by\" \/>\n\t<meta name=\"twitter:data3\" content=\"Leinonen Norway, Timotei Roos\" \/>\n<script type=\"application\/ld+json\" class=\"yoast-schema-graph\">{\"@context\":\"https:\/\/schema.org\",\"@graph\":[{\"@type\":\"WebPage\",\"@id\":\"https:\/\/leinonen.eu\/nor\/fi\/news\/tyonantajan-sosiaalivakuutusmaksun-lisaveloituksen-lopettaminen-vuonna-2025\/\",\"url\":\"https:\/\/leinonen.eu\/nor\/fi\/news\/tyonantajan-sosiaalivakuutusmaksun-lisaveloituksen-lopettaminen-vuonna-2025\/\",\"name\":\"Ty\u00f6nantajan sosiaalivakuutusmaksun lis\u00e4veloituksen lopettaminen vuonna 2025 &#8211; Leinonen Norway\",\"isPartOf\":{\"@id\":\"https:\/\/leinonen.eu\/nor\/fi\/#website\"},\"primaryImageOfPage\":{\"@id\":\"https:\/\/leinonen.eu\/nor\/fi\/news\/tyonantajan-sosiaalivakuutusmaksun-lisaveloituksen-lopettaminen-vuonna-2025\/#primaryimage\"},\"image\":{\"@id\":\"https:\/\/leinonen.eu\/nor\/fi\/news\/tyonantajan-sosiaalivakuutusmaksun-lisaveloituksen-lopettaminen-vuonna-2025\/#primaryimage\"},\"thumbnailUrl\":\"https:\/\/leinonen.eu\/app\/uploads\/sites\/16\/2025\/05\/Article-visuals-2025-05-08T112440.993.png\",\"datePublished\":\"2025-05-08T08:25:18+00:00\",\"dateModified\":\"2025-05-08T08:25:21+00:00\",\"author\":{\"@id\":\"https:\/\/leinonen.eu\/nor\/fi\/#\/schema\/person\/ea4a3c77b67d6f86f6f6368acad81970\"},\"description\":\"Norja poistaa 1.1.2025 ylim\u00e4\u00e4r\u00e4isen 5 % ty\u00f6nantajan sosiaalivakuutusmaksun. Lue, mit\u00e4 t\u00e4m\u00e4 tarkoittaa yrityksille, miksi muutos tehd\u00e4\u00e4n ja miten se voi vaikuttaa rekrytointiin ja budjetointiin.\",\"breadcrumb\":{\"@id\":\"https:\/\/leinonen.eu\/nor\/fi\/news\/tyonantajan-sosiaalivakuutusmaksun-lisaveloituksen-lopettaminen-vuonna-2025\/#breadcrumb\"},\"inLanguage\":\"fi\",\"potentialAction\":[{\"@type\":\"ReadAction\",\"target\":[\"https:\/\/leinonen.eu\/nor\/fi\/news\/tyonantajan-sosiaalivakuutusmaksun-lisaveloituksen-lopettaminen-vuonna-2025\/\"]}]},{\"@type\":\"ImageObject\",\"inLanguage\":\"fi\",\"@id\":\"https:\/\/leinonen.eu\/nor\/fi\/news\/tyonantajan-sosiaalivakuutusmaksun-lisaveloituksen-lopettaminen-vuonna-2025\/#primaryimage\",\"url\":\"https:\/\/leinonen.eu\/app\/uploads\/sites\/16\/2025\/05\/Article-visuals-2025-05-08T112440.993.png\",\"contentUrl\":\"https:\/\/leinonen.eu\/app\/uploads\/sites\/16\/2025\/05\/Article-visuals-2025-05-08T112440.993.png\",\"width\":1200,\"height\":627,\"caption\":\"Ty\u00f6nantajan sosiaalivakuutusmaksun lis\u00e4veloituksen lopettaminen vuonna 2025 - Leinonen\"},{\"@type\":\"BreadcrumbList\",\"@id\":\"https:\/\/leinonen.eu\/nor\/fi\/news\/tyonantajan-sosiaalivakuutusmaksun-lisaveloituksen-lopettaminen-vuonna-2025\/#breadcrumb\",\"itemListElement\":[{\"@type\":\"ListItem\",\"position\":1,\"name\":\"Home\",\"item\":\"https:\/\/leinonen.eu\/nor\/fi\/\"},{\"@type\":\"ListItem\",\"position\":2,\"name\":\"Ty\u00f6nantajan sosiaalivakuutusmaksun lis\u00e4veloituksen lopettaminen vuonna 2025\"}]},{\"@type\":\"WebSite\",\"@id\":\"https:\/\/leinonen.eu\/nor\/fi\/#website\",\"url\":\"https:\/\/leinonen.eu\/nor\/fi\/\",\"name\":\"Leinonen Norway\",\"description\":\"\",\"potentialAction\":[{\"@type\":\"SearchAction\",\"target\":{\"@type\":\"EntryPoint\",\"urlTemplate\":\"https:\/\/leinonen.eu\/nor\/fi\/?s={search_term_string}\"},\"query-input\":{\"@type\":\"PropertyValueSpecification\",\"valueRequired\":true,\"valueName\":\"search_term_string\"}}],\"inLanguage\":\"fi\"},{\"@type\":\"Person\",\"@id\":\"https:\/\/leinonen.eu\/nor\/fi\/#\/schema\/person\/ea4a3c77b67d6f86f6f6368acad81970\",\"name\":\"Leinonen Norway\",\"image\":{\"@type\":\"ImageObject\",\"inLanguage\":\"fi\",\"@id\":\"https:\/\/leinonen.eu\/nor\/fi\/#\/schema\/person\/image\/f8f1f69a4f7c9faee709856d1b1d1408\",\"url\":\"https:\/\/leinonen.eu\/app\/uploads\/sites\/16\/2025\/01\/avatar_user_33_1736778628-96x96.png\",\"contentUrl\":\"https:\/\/leinonen.eu\/app\/uploads\/sites\/16\/2025\/01\/avatar_user_33_1736778628-96x96.png\",\"caption\":\"Leinonen Norway\"},\"url\":\"https:\/\/leinonen.eu\/nor\/fi\/news\/author\/leinonen-norway\/\"}]}<\/script>\n<!-- \/ Yoast SEO plugin. -->","yoast_head_json":{"title":"Ty\u00f6nantajan sosiaalivakuutusmaksun lis\u00e4veloituksen lopettaminen vuonna 2025 &#8211; Leinonen Norway","description":"Norja poistaa 1.1.2025 ylim\u00e4\u00e4r\u00e4isen 5 % ty\u00f6nantajan sosiaalivakuutusmaksun. Lue, mit\u00e4 t\u00e4m\u00e4 tarkoittaa yrityksille, miksi muutos tehd\u00e4\u00e4n ja miten se voi vaikuttaa rekrytointiin ja budjetointiin.","robots":{"index":"index","follow":"follow","max-snippet":"max-snippet:-1","max-image-preview":"max-image-preview:large","max-video-preview":"max-video-preview:-1"},"canonical":"https:\/\/leinonen.eu\/nor\/fi\/news\/tyonantajan-sosiaalivakuutusmaksun-lisaveloituksen-lopettaminen-vuonna-2025\/","og_locale":"fi_FI","og_type":"article","og_title":"Ty\u00f6nantajan sosiaalivakuutusmaksun lis\u00e4veloituksen lopettaminen vuonna 2025 &#8211; Leinonen Norway","og_description":"Norja poistaa 1.1.2025 ylim\u00e4\u00e4r\u00e4isen 5 % ty\u00f6nantajan sosiaalivakuutusmaksun. Lue, mit\u00e4 t\u00e4m\u00e4 tarkoittaa yrityksille, miksi muutos tehd\u00e4\u00e4n ja miten se voi vaikuttaa rekrytointiin ja budjetointiin.","og_url":"https:\/\/leinonen.eu\/nor\/fi\/news\/tyonantajan-sosiaalivakuutusmaksun-lisaveloituksen-lopettaminen-vuonna-2025\/","og_site_name":"Leinonen Norway","article_published_time":"2025-05-08T08:25:18+00:00","article_modified_time":"2025-05-08T08:25:21+00:00","og_image":[{"width":1200,"height":627,"url":"https:\/\/leinonen.eu\/app\/uploads\/sites\/16\/2025\/05\/Article-visuals-2025-05-08T112440.993.png","type":"image\/png"}],"author":"Leinonen Norway, Timotei Roos","twitter_card":"summary_large_image","twitter_creator":"@leinonengroup","twitter_site":"@leinonengroup","twitter_misc":{"Kirjoittanut":"Leinonen Norway","Arvioitu lukuaika":"2 minuuttia","Written by":"Leinonen Norway, Timotei Roos"},"schema":{"@context":"https:\/\/schema.org","@graph":[{"@type":"WebPage","@id":"https:\/\/leinonen.eu\/nor\/fi\/news\/tyonantajan-sosiaalivakuutusmaksun-lisaveloituksen-lopettaminen-vuonna-2025\/","url":"https:\/\/leinonen.eu\/nor\/fi\/news\/tyonantajan-sosiaalivakuutusmaksun-lisaveloituksen-lopettaminen-vuonna-2025\/","name":"Ty\u00f6nantajan sosiaalivakuutusmaksun lis\u00e4veloituksen lopettaminen vuonna 2025 &#8211; Leinonen Norway","isPartOf":{"@id":"https:\/\/leinonen.eu\/nor\/fi\/#website"},"primaryImageOfPage":{"@id":"https:\/\/leinonen.eu\/nor\/fi\/news\/tyonantajan-sosiaalivakuutusmaksun-lisaveloituksen-lopettaminen-vuonna-2025\/#primaryimage"},"image":{"@id":"https:\/\/leinonen.eu\/nor\/fi\/news\/tyonantajan-sosiaalivakuutusmaksun-lisaveloituksen-lopettaminen-vuonna-2025\/#primaryimage"},"thumbnailUrl":"https:\/\/leinonen.eu\/app\/uploads\/sites\/16\/2025\/05\/Article-visuals-2025-05-08T112440.993.png","datePublished":"2025-05-08T08:25:18+00:00","dateModified":"2025-05-08T08:25:21+00:00","author":{"@id":"https:\/\/leinonen.eu\/nor\/fi\/#\/schema\/person\/ea4a3c77b67d6f86f6f6368acad81970"},"description":"Norja poistaa 1.1.2025 ylim\u00e4\u00e4r\u00e4isen 5 % ty\u00f6nantajan sosiaalivakuutusmaksun. Lue, mit\u00e4 t\u00e4m\u00e4 tarkoittaa yrityksille, miksi muutos tehd\u00e4\u00e4n ja miten se voi vaikuttaa rekrytointiin ja budjetointiin.","breadcrumb":{"@id":"https:\/\/leinonen.eu\/nor\/fi\/news\/tyonantajan-sosiaalivakuutusmaksun-lisaveloituksen-lopettaminen-vuonna-2025\/#breadcrumb"},"inLanguage":"fi","potentialAction":[{"@type":"ReadAction","target":["https:\/\/leinonen.eu\/nor\/fi\/news\/tyonantajan-sosiaalivakuutusmaksun-lisaveloituksen-lopettaminen-vuonna-2025\/"]}]},{"@type":"ImageObject","inLanguage":"fi","@id":"https:\/\/leinonen.eu\/nor\/fi\/news\/tyonantajan-sosiaalivakuutusmaksun-lisaveloituksen-lopettaminen-vuonna-2025\/#primaryimage","url":"https:\/\/leinonen.eu\/app\/uploads\/sites\/16\/2025\/05\/Article-visuals-2025-05-08T112440.993.png","contentUrl":"https:\/\/leinonen.eu\/app\/uploads\/sites\/16\/2025\/05\/Article-visuals-2025-05-08T112440.993.png","width":1200,"height":627,"caption":"Ty\u00f6nantajan sosiaalivakuutusmaksun lis\u00e4veloituksen lopettaminen vuonna 2025 - Leinonen"},{"@type":"BreadcrumbList","@id":"https:\/\/leinonen.eu\/nor\/fi\/news\/tyonantajan-sosiaalivakuutusmaksun-lisaveloituksen-lopettaminen-vuonna-2025\/#breadcrumb","itemListElement":[{"@type":"ListItem","position":1,"name":"Home","item":"https:\/\/leinonen.eu\/nor\/fi\/"},{"@type":"ListItem","position":2,"name":"Ty\u00f6nantajan sosiaalivakuutusmaksun lis\u00e4veloituksen lopettaminen vuonna 2025"}]},{"@type":"WebSite","@id":"https:\/\/leinonen.eu\/nor\/fi\/#website","url":"https:\/\/leinonen.eu\/nor\/fi\/","name":"Leinonen Norway","description":"","potentialAction":[{"@type":"SearchAction","target":{"@type":"EntryPoint","urlTemplate":"https:\/\/leinonen.eu\/nor\/fi\/?s={search_term_string}"},"query-input":{"@type":"PropertyValueSpecification","valueRequired":true,"valueName":"search_term_string"}}],"inLanguage":"fi"},{"@type":"Person","@id":"https:\/\/leinonen.eu\/nor\/fi\/#\/schema\/person\/ea4a3c77b67d6f86f6f6368acad81970","name":"Leinonen Norway","image":{"@type":"ImageObject","inLanguage":"fi","@id":"https:\/\/leinonen.eu\/nor\/fi\/#\/schema\/person\/image\/f8f1f69a4f7c9faee709856d1b1d1408","url":"https:\/\/leinonen.eu\/app\/uploads\/sites\/16\/2025\/01\/avatar_user_33_1736778628-96x96.png","contentUrl":"https:\/\/leinonen.eu\/app\/uploads\/sites\/16\/2025\/01\/avatar_user_33_1736778628-96x96.png","caption":"Leinonen Norway"},"url":"https:\/\/leinonen.eu\/nor\/fi\/news\/author\/leinonen-norway\/"}]}},"_links":{"self":[{"href":"https:\/\/leinonen.eu\/nor\/fi\/wp-json\/wp\/v2\/posts\/5617","targetHints":{"allow":["GET"]}}],"collection":[{"href":"https:\/\/leinonen.eu\/nor\/fi\/wp-json\/wp\/v2\/posts"}],"about":[{"href":"https:\/\/leinonen.eu\/nor\/fi\/wp-json\/wp\/v2\/types\/post"}],"author":[{"embeddable":true,"href":"https:\/\/leinonen.eu\/nor\/fi\/wp-json\/wp\/v2\/users\/33"}],"replies":[{"embeddable":true,"href":"https:\/\/leinonen.eu\/nor\/fi\/wp-json\/wp\/v2\/comments?post=5617"}],"version-history":[{"count":1,"href":"https:\/\/leinonen.eu\/nor\/fi\/wp-json\/wp\/v2\/posts\/5617\/revisions"}],"predecessor-version":[{"id":5621,"href":"https:\/\/leinonen.eu\/nor\/fi\/wp-json\/wp\/v2\/posts\/5617\/revisions\/5621"}],"wp:featuredmedia":[{"embeddable":true,"href":"https:\/\/leinonen.eu\/nor\/fi\/wp-json\/wp\/v2\/media\/5618"}],"wp:attachment":[{"href":"https:\/\/leinonen.eu\/nor\/fi\/wp-json\/wp\/v2\/media?parent=5617"}],"wp:term":[{"taxonomy":"category","embeddable":true,"href":"https:\/\/leinonen.eu\/nor\/fi\/wp-json\/wp\/v2\/categories?post=5617"},{"taxonomy":"post_tag","embeddable":true,"href":"https:\/\/leinonen.eu\/nor\/fi\/wp-json\/wp\/v2\/tags?post=5617"},{"taxonomy":"author","embeddable":true,"href":"https:\/\/leinonen.eu\/nor\/fi\/wp-json\/wp\/v2\/coauthors?post=5617"}],"curies":[{"name":"wp","href":"https:\/\/api.w.org\/{rel}","templated":true}]}}